{"id":99463,"date":"2025-08-08T19:05:36","date_gmt":"2025-08-08T19:05:36","guid":{"rendered":"https:\/\/mppee.gob.ve\/?p=99463"},"modified":"2025-08-14T14:23:57","modified_gmt":"2025-08-14T14:23:57","slug":"usuarios-carabobenos-recibiran-asesoria-personalizada-este-9-a-detalles","status":"publish","type":"post","link":"https:\/\/mppee.gob.ve\/?p=99463","title":{"rendered":"Usuarios carabobe\u00f1os recibir\u00e1n asesor\u00eda personalizada este 9-A (+Detalles)"},"content":{"rendered":"\n<p><strong>Estado Carabobo.-&nbsp;<\/strong> Este s\u00e1bado 09 de agosto, la Corporaci\u00f3n El\u00e9ctrica Nacional (CORPOELEC) se desplegar\u00e1 en los municipios del estado Carabobo con el objetivo de brindar asesor\u00eda personalizada a usuarios comerciales y residenciales.<\/p>\n\n\n\n<p>Los agentes comerciales ofrecer\u00e1n orientaci\u00f3n en materia de actualizaci\u00f3n de datos, notificaci\u00f3n de deuda, recepci\u00f3n de reclamos, verificaci\u00f3n de conexiones y pago de facturas a trav\u00e9s de punto de venta.<\/p>\n\n\n\n<p>Los puntos de atenci\u00f3n estar\u00e1n habilitados entre las 8:00 de la ma\u00f1ana y la 1:00 de la tarde en las siguientes ubicaciones:<\/p>\n\n\n\n<ul class=\"wp-block-list\">\n<li><strong>Municipio Montalb\u00e1n<\/strong><\/li>\n<\/ul>\n\n\n\n<p>Avenida Miranda, sector Las Mercedes.<\/p>\n\n\n\n<ul class=\"wp-block-list\">\n<li><strong>Municipio Libertador<\/strong><\/li>\n<\/ul>\n\n\n\n<p>Casco Central de Tocuyito, Panader\u00eda Trigus.<\/p>\n\n\n\n<ul class=\"wp-block-list\">\n<li><strong>Municipio Carlos Arvelo<\/strong><\/li>\n<\/ul>\n\n\n\n<p>CIAU Central Tacarigua. Calle El Progreso, sede Nro. 45, diagonal a la Guardia Nacional Bolivariana, parroquia Tacarigua.<\/p>\n\n\n\n<p>CIAU G\u00fcig\u00fce. Edificio Elsimar, calle Arvelo, No. 40, locales A y B, parroquia G\u00fcig\u00fce.<\/p>\n\n\n\n<ul class=\"wp-block-list\">\n<li><strong>Municipio Guacara<\/strong><\/li>\n<\/ul>\n\n\n\n<p>CIAU Alianza Mall. Centro Comercial Alianza Mall, sector El Nepe,&nbsp; local A-21, entrada de la Urb. Ciudad Alianza.<\/p>\n\n\n\n<p>CIAU Guacara, ubicado en el local n\u00famero 44, avenida Bol\u00edvar, cruce con calle Brice\u00f1o M\u00e9ndez, parroquia Diego Ibarra, municipio Guacara.<\/p>\n\n\n\n<ul class=\"wp-block-list\">\n<li><strong>Municipio Diego Ibarra<\/strong><\/li>\n<\/ul>\n\n\n\n<p>Avenida San Diego de Tovar, Barrio 19 de Abril, parroquia Mariara.<\/p>\n\n\n\n<ul class=\"wp-block-list\">\n<li><strong>Municipio Puerto Cabello<\/strong><\/li>\n<\/ul>\n\n\n\n<p>CIAU Consolidado. Centro Comercial Consolidado, planta Alta y Baja, Local n\u00famero 1, calle Mari\u00f1o,&nbsp; parroquia Fraternidad.<\/p>\n\n\n\n<p>CIAU Guaicamacuto. Centro Comercial Guaicamacuto, mezzanina 1, local M1-4, ubicado en la Urbanizaci\u00f3n Cumboto Norte, avenida Salom\u00f3n, parroquia Juan Jos\u00e9 Flores.<\/p>\n\n\n\n<p>Centro Comercial Paseo Mari\u00f1o. Calle Mari\u00f1o con calle Juncal, piso 2, local nro. 40, parroquia Fraternidad.<\/p>\n\n\n\n<ul class=\"wp-block-list\">\n<li><strong>Municipio San Diego<\/strong><\/li>\n<\/ul>\n\n\n\n<p>CIAU Fin de Siglo. Centro Comercial San Diego,&nbsp; planta baja, avenida Don Julio Centeno.<\/p>\n\n\n\n<ul class=\"wp-block-list\">\n<li><strong>Municipio San Joaqu\u00edn<\/strong><\/li>\n<\/ul>\n\n\n\n<p>Avenida Bol\u00edvar, cruce con calle Santander, n\u00famero 40, parroquia San Joaqu\u00edn.<\/p>\n\n\n\n<ul class=\"wp-block-list\">\n<li><strong>Municipio Valencia<\/strong><\/li>\n<\/ul>\n\n\n\n<p>Centro Comercial Shopping Center, Urbanizaci\u00f3n Prebo (Stand).\u00a0\u00a0\u00a0\u00a0\u00a0\u00a0\u00a0\u00a0\u00a0\u00a0\u00a0\u00a0\u00a0\u00a0\u00a0\u00a0\u00a0\u00a0\u00a0\u00a0\u00a0\u00a0\u00a0\u00a0\u00a0\u00a0\u00a0\u00a0\u00a0\u00a0\u00a0\u00a0\u00a0\u00a0\u00a0\u00a0\u00a0\u00a0\u00a0\u00a0\u00a0\u00a0\u00a0\u00a0\u00a0\u00a0\u00a0\u00a0\u00a0\u00a0<\/p>\n\n\n\n<p>CIAU Valencia I. Centro Comercial Valencia Centro, locales 21 y 22, calle Cantaura con Soublette, parroquia Candelaria.<\/p>\n\n\n\n<p>CIAU Prebo II. Centro Comercial Prebo, urbanizaci\u00f3n Prebo 1, avenida 107-B, nivel planta, parroquia San Jos\u00e9.<\/p>\n\n\n\n<p>CIAU Plaza. Centro Comercial Centro Piazza. Urbanizaci\u00f3n El Parral, nivel Neptuno, local 11,&nbsp; parroquia San Jos\u00e9.<\/p>\n\n\n\n<p>CIAU Torre 4. Edificio Torre 4, planta baja,&nbsp; avenida Cede\u00f1o con calle Montes de Oca, parroquia San Jos\u00e9.<\/p>\n\n\n\n<p>CIAU Valencia III. Urbanizaci\u00f3n La Isabelica, sector 6, avenida Espiga de Oro, calle n\u00famero 5, al lado de Ipostel, parroquia Rafael Urdaneta.<\/p>\n\n\n\n<ul class=\"wp-block-list\">\n<li><strong>Municipio Miranda<\/strong><\/li>\n<\/ul>\n\n\n\n<p>Centro C\u00edvico Miranda. Calle Girardot, entre Carabobo y Sucre, sector El Play\u00f3n (Stand).<\/p>\n\n\n\n<ul class=\"wp-block-list\">\n<li><strong>Municipio Bejuma<\/strong><\/li>\n<\/ul>\n\n\n\n<p>CIAU Bejuma. Edificio Palermo, planta baja, avenida Bol\u00edvar con calle Piar.<\/p>\n\n\n\n<ul class=\"wp-block-list\">\n<li><strong>Municipio Naguanagua<\/strong><\/li>\n<\/ul>\n\n\n\n<p>CIAU V\u00eda Veneto. Centro Comercial V\u00eda Veneto, nivel estacionamiento, locales M5 y M6,&nbsp; avenida Ma\u00f1ongo con calle Salvador Feo La Cruz.<\/p>\n\n\n\n<p>CIAU Naguanagua. Centro Comercial El Dorado, entre avenida Bol\u00edvar y prolongaci\u00f3n del cementerio Guayabal.<\/p>\n\n\n\n<ul class=\"wp-block-list\">\n<li><strong>Municipio Juan Jos\u00e9 Mora<\/strong><\/li>\n<\/ul>\n\n\n\n<p>CIAU Mor\u00f3n. Calle San Jos\u00e9 con calle Miranda, diagonal a la Casa de la Cultura, edificio Corpoelec, parroquia Juan Jos\u00e9 Mora.<\/p>\n\n\n\n<ul class=\"wp-block-list\">\n<li><strong>Municipio Los Guayos<\/strong><\/li>\n<\/ul>\n\n\n\n<p>CIAU Los Guayos. Centro Comercial Profesional Los Guayos, planta baja, local #4, calle Bruzual.<\/p>\n\n\n\n<p>Para m\u00e1s informaci\u00f3n sobre las Jornadas Integrales de Atenci\u00f3n al Usuario, puede consultar la cuenta&nbsp;<a href=\"https:\/\/www.instagram.com\/corpoelecinfo\/\">@corpoelecinfo&nbsp;<\/a>en Instagram o visitar la p\u00e1gina<a href=\"https:\/\/www.facebook.com\/Corpoelecinfo\">&nbsp;Corpoelec Informa&nbsp;<\/a>en Facebook.<\/p>\n\n\n\n<p><strong>Prensa MPPEE \u2013 CORPOELEC<\/strong><\/p>\n","protected":false},"excerpt":{"rendered":"<p>Estado Carabobo.-&nbsp; Este s\u00e1bado 09 de agosto, la Corporaci\u00f3n El\u00e9ctrica Nacional (CORPOELEC) se desplegar\u00e1 en los municipios del estado Carabobo<\/p>\n","protected":false},"author":24,"featured_media":98781,"comment_status":"closed","ping_status":"closed","sticky":false,"template":"","format":"standard","meta":{"footnotes":""},"categories":[30],"tags":[3119,2758,2692,2691],"class_list":["post-99463","post","type-post","status-publish","format-standard","has-post-thumbnail","hentry","category-regionales","tag-asesoria","tag-atencion","tag-carabobo","tag-corpoelec"],"_links":{"self":[{"href":"https:\/\/mppee.gob.ve\/index.php?rest_route=\/wp\/v2\/posts\/99463","targetHints":{"allow":["GET"]}}],"collection":[{"href":"https:\/\/mppee.gob.ve\/index.php?rest_route=\/wp\/v2\/posts"}],"about":[{"href":"https:\/\/mppee.gob.ve\/index.php?rest_route=\/wp\/v2\/types\/post"}],"author":[{"embeddable":true,"href":"https:\/\/mppee.gob.ve\/index.php?rest_route=\/wp\/v2\/users\/24"}],"replies":[{"embeddable":true,"href":"https:\/\/mppee.gob.ve\/index.php?rest_route=%2Fwp%2Fv2%2Fcomments&post=99463"}],"version-history":[{"count":2,"href":"https:\/\/mppee.gob.ve\/index.php?rest_route=\/wp\/v2\/posts\/99463\/revisions"}],"predecessor-version":[{"id":99598,"href":"https:\/\/mppee.gob.ve\/index.php?rest_route=\/wp\/v2\/posts\/99463\/revisions\/99598"}],"wp:featuredmedia":[{"embeddable":true,"href":"https:\/\/mppee.gob.ve\/index.php?rest_route=\/wp\/v2\/media\/98781"}],"wp:attachment":[{"href":"https:\/\/mppee.gob.ve\/index.php?rest_route=%2Fwp%2Fv2%2Fmedia&parent=99463"}],"wp:term":[{"taxonomy":"category","embeddable":true,"href":"https:\/\/mppee.gob.ve\/index.php?rest_route=%2Fwp%2Fv2%2Fcategories&post=99463"},{"taxonomy":"post_tag","embeddable":true,"href":"https:\/\/mppee.gob.ve\/index.php?rest_route=%2Fwp%2Fv2%2Ftags&post=99463"}],"curies":[{"name":"wp","href":"https:\/\/api.w.org\/{rel}","templated":true}]}}