{"id":99465,"date":"2025-08-08T19:12:28","date_gmt":"2025-08-08T19:12:28","guid":{"rendered":"https:\/\/mppee.gob.ve\/?p=99465"},"modified":"2025-08-08T19:12:58","modified_gmt":"2025-08-08T19:12:58","slug":"gobierno-nacional-fortalece-capacidad-de-generacion-electrica-en-el-estado-tachira","status":"publish","type":"post","link":"https:\/\/mppee.gob.ve\/?p=99465","title":{"rendered":"Gobierno Nacional fortalece capacidad de generaci\u00f3n el\u00e9ctrica en el estado T\u00e1chira"},"content":{"rendered":"\n<p><strong>Estado T\u00e1chira.- <\/strong>Siguiendo instrucciones del presidente de la Rep\u00fablica, Nicol\u00e1s Maduro, el Gobierno Nacional, a trav\u00e9s de la <a href=\"https:\/\/www.instagram.com\/corpoelecinfo\/\" data-type=\"link\" data-id=\"https:\/\/www.instagram.com\/corpoelecinfo\/\">Corporaci\u00f3n El\u00e9ctrica Nacional (CORPOELEC)<\/a> avanza en el fortalecimiento del sistema el\u00e9ctrico en el estado T\u00e1chira, gracias a las acciones estrat\u00e9gicas orientadas a garantizar un servicio m\u00e1s estable y eficiente para la poblaci\u00f3n.<\/p>\n\n\n\n<p>Durante una inspecci\u00f3n t\u00e9cnica en la Planta de Distribuci\u00f3n La Tendida, ubicada en el municipio Samuel Dar\u00edo Maldonado, el ministro del Poder Popular para la Energ\u00eda El\u00e9ctrica, Jorge M\u00e1rquez, destac\u00f3 que se han ejecutado trabajos de reparaci\u00f3n en las unidades de generaci\u00f3n, lo que permite elevar la capacidad operativa en la regi\u00f3n.<\/p>\n\n\n\n<p>\u201cHoy estamos en La Tendida, en la Planta de Generaci\u00f3n Distribuida, donde tenemos ocho m\u00e1quinas que nos dan aproximadamente 12 megavatios. Esto es una muestra, se\u00f1ores trabajadores, de lo que podemos hacer y de lo que estamos haciendo en CORPOELEC. Con muy poco dinero, gracias a nuestro presidente Nicol\u00e1s Maduro, hemos logrado levantar esta planta, la de la Fr\u00eda, y muchas m\u00e1s que estamos arreglando\u201d, expres\u00f3 M\u00e1rquez.<\/p>\n\n\n\n<p>En compa\u00f1\u00eda de trabajadores y trabajadoras, el ministro M\u00e1rquez reiter\u00f3 el compromiso institucional para seguir avanzando en la recuperaci\u00f3n integral del sistema el\u00e9ctrico, mediante el trabajo articulado con empresas del Estado y el sector privado.<\/p>\n\n\n\n<p>Estas acciones mejoran la calidad de vida de los ciudadanos y promueven el desarrollo econ\u00f3mico local, gracias al compromiso del Estado venezolano por devolver la estabilidad y fortaleza al Sistema El\u00e9ctrico Nacional (SEN).<\/p>\n\n\n\n<p>\u201cQuiero que vean y demostrarles a ustedes que s\u00ed podemos hacerlo, que la empresa que so\u00f1amos la podemos arreglar y mejorar, optimizar, para que nuestro pueblo venezolano pueda disfrutar de un servicio de calidad, como tiene que ser\u201d, recalc\u00f3.<\/p>\n\n\n\n<p><strong>Robustecen operatividad en Coloncito<\/strong><\/p>\n\n\n\n<p>Durante su recorrido por el estado T\u00e1chira, el ministro Jorge M\u00e1rquez constat\u00f3 mejoras significativas en las instalaciones de la Planta de Generaci\u00f3n Termoel\u00e9ctrica T\u00e1chira, en Garc\u00eda de Hevia, y la Planta de Generaci\u00f3n Distribuida Coloncito, en Bol\u00edvar.<\/p>\n\n\n\n<p>Entre las maniobras ejecutadas se contabilizan la rehabilitaci\u00f3n de espacios f\u00edsicos, puesta en marcha de maquinarias y fortalecimiento de condiciones t\u00e9cnicas operativas.<\/p>\n\n\n\n<p><strong>Prensa MPPEE-CORPOELEC \/ Rosiris Ortega<\/strong><\/p>\n","protected":false},"excerpt":{"rendered":"<p>Estado T\u00e1chira.- Siguiendo instrucciones del presidente de la Rep\u00fablica, Nicol\u00e1s Maduro, el Gobierno Nacional, a trav\u00e9s de la Corporaci\u00f3n El\u00e9ctrica<\/p>\n","protected":false},"author":24,"featured_media":99466,"comment_status":"closed","ping_status":"closed","sticky":false,"template":"","format":"standard","meta":{"footnotes":""},"categories":[15],"tags":[3216,2763,3217,2714,2700],"class_list":["post-99465","post","type-post","status-publish","format-standard","has-post-thumbnail","hentry","category-nacionales","tag-coloncito","tag-jorge-marquez","tag-la-tendida","tag-nicolas-maduro","tag-tachira"],"_links":{"self":[{"href":"https:\/\/mppee.gob.ve\/index.php?rest_route=\/wp\/v2\/posts\/99465","targetHints":{"allow":["GET"]}}],"collection":[{"href":"https:\/\/mppee.gob.ve\/index.php?rest_route=\/wp\/v2\/posts"}],"about":[{"href":"https:\/\/mppee.gob.ve\/index.php?rest_route=\/wp\/v2\/types\/post"}],"author":[{"embeddable":true,"href":"https:\/\/mppee.gob.ve\/index.php?rest_route=\/wp\/v2\/users\/24"}],"replies":[{"embeddable":true,"href":"https:\/\/mppee.gob.ve\/index.php?rest_route=%2Fwp%2Fv2%2Fcomments&post=99465"}],"version-history":[{"count":1,"href":"https:\/\/mppee.gob.ve\/index.php?rest_route=\/wp\/v2\/posts\/99465\/revisions"}],"predecessor-version":[{"id":99467,"href":"https:\/\/mppee.gob.ve\/index.php?rest_route=\/wp\/v2\/posts\/99465\/revisions\/99467"}],"wp:featuredmedia":[{"embeddable":true,"href":"https:\/\/mppee.gob.ve\/index.php?rest_route=\/wp\/v2\/media\/99466"}],"wp:attachment":[{"href":"https:\/\/mppee.gob.ve\/index.php?rest_route=%2Fwp%2Fv2%2Fmedia&parent=99465"}],"wp:term":[{"taxonomy":"category","embeddable":true,"href":"https:\/\/mppee.gob.ve\/index.php?rest_route=%2Fwp%2Fv2%2Fcategories&post=99465"},{"taxonomy":"post_tag","embeddable":true,"href":"https:\/\/mppee.gob.ve\/index.php?rest_route=%2Fwp%2Fv2%2Ftags&post=99465"}],"curies":[{"name":"wp","href":"https:\/\/api.w.org\/{rel}","templated":true}]}}