{"id":99483,"date":"2025-08-09T23:53:15","date_gmt":"2025-08-09T23:53:15","guid":{"rendered":"https:\/\/mppee.gob.ve\/?p=99483"},"modified":"2025-08-09T23:53:17","modified_gmt":"2025-08-09T23:53:17","slug":"ministro-marquez-acompana-labores-de-rehabilitacion-de-alumbrado-publico-en-maracaibo","status":"publish","type":"post","link":"https:\/\/mppee.gob.ve\/?p=99483","title":{"rendered":"Ministro M\u00e1rquez acompa\u00f1a labores de rehabilitaci\u00f3n de alumbrado p\u00fablico en Maracaibo"},"content":{"rendered":"\n<p><strong>Maracaibo, estado Zulia.- <\/strong>Bajo el sol que caracteriza esta regi\u00f3n del occidente del pa\u00eds, se visualiza a los trabajadores de la  Corporaci\u00f3n El\u00e9ctrica Nacional (CORPOELEC) en la Circunvalaci\u00f3n N\u00b01 para instalar m\u00e1s de  200 luminarias. Su labor refleja el compromiso con el pueblo zuliano.<\/p>\n\n\n\n<p>Cornetas y saludo del pueblo los motivan a seguir avanzando en construir una ciudad bonita. Un reconocimiento al esfuerzo de estos h\u00e9roes an\u00f3nimos que realizan sus labores desde la cesta gr\u00faa en la  transitada avenida de m\u00e1s de 12 kil\u00f3metros que atraviesa la ciudad marabina.<\/p>\n\n\n\n<p>Un \u201cno se cansen\u201d rompe con los acostumbrados ruidos propios del sector. Inmediatamente reciben el estrech\u00f3n de mano de quien al frente del sector el\u00e9ctrico les dice \u201cs\u00e9 que est\u00e1n d\u00e1ndolo todo ante este inclemente sol\u201d y valora el sacrificio y la fuerza del personal de CORPOELEC.<\/p>\n\n\n\n<p>El ministro Jorge M\u00e1rquez escucha sus sugerencias, conversa con ellos, y esboza una sonrisa.  Los trabajadores, a quienes se les corre por el rostro una gota de sudor, sonr\u00eden y afirman \u201cestamos con Usted y nuestro presidente Nicol\u00e1s Maduro\u201d.<\/p>\n\n\n\n<p>M\u00e1s de tres mil puntos de alumbrado encendidos en las avenidas Don Manuel Belloso, Universidad, Guajira y El Milagro y gran avance en la Circunvalaci\u00f3n 1,2 y 3 son el fruto de trabajo diario de un equipo que no se rinde.<\/p>\n\n\n\n<p><strong>Prensa MPPEE-CORPOELEC\/Katiuska<\/strong> <strong>Leyva<\/strong><\/p>\n\n\n\n<p><\/p>\n","protected":false},"excerpt":{"rendered":"<p>Maracaibo, estado Zulia.- Bajo el sol que caracteriza esta regi\u00f3n del occidente del pa\u00eds, se visualiza a los trabajadores de<\/p>\n","protected":false},"author":22,"featured_media":99484,"comment_status":"closed","ping_status":"closed","sticky":false,"template":"","format":"standard","meta":{"footnotes":""},"categories":[15],"tags":[2691,11,2744,46,2694],"class_list":["post-99483","post","type-post","status-publish","format-standard","has-post-thumbnail","hentry","category-nacionales","tag-corpoelec","tag-mppee","tag-sen","tag-venezuela","tag-zulia"],"_links":{"self":[{"href":"https:\/\/mppee.gob.ve\/index.php?rest_route=\/wp\/v2\/posts\/99483","targetHints":{"allow":["GET"]}}],"collection":[{"href":"https:\/\/mppee.gob.ve\/index.php?rest_route=\/wp\/v2\/posts"}],"about":[{"href":"https:\/\/mppee.gob.ve\/index.php?rest_route=\/wp\/v2\/types\/post"}],"author":[{"embeddable":true,"href":"https:\/\/mppee.gob.ve\/index.php?rest_route=\/wp\/v2\/users\/22"}],"replies":[{"embeddable":true,"href":"https:\/\/mppee.gob.ve\/index.php?rest_route=%2Fwp%2Fv2%2Fcomments&post=99483"}],"version-history":[{"count":1,"href":"https:\/\/mppee.gob.ve\/index.php?rest_route=\/wp\/v2\/posts\/99483\/revisions"}],"predecessor-version":[{"id":99485,"href":"https:\/\/mppee.gob.ve\/index.php?rest_route=\/wp\/v2\/posts\/99483\/revisions\/99485"}],"wp:featuredmedia":[{"embeddable":true,"href":"https:\/\/mppee.gob.ve\/index.php?rest_route=\/wp\/v2\/media\/99484"}],"wp:attachment":[{"href":"https:\/\/mppee.gob.ve\/index.php?rest_route=%2Fwp%2Fv2%2Fmedia&parent=99483"}],"wp:term":[{"taxonomy":"category","embeddable":true,"href":"https:\/\/mppee.gob.ve\/index.php?rest_route=%2Fwp%2Fv2%2Fcategories&post=99483"},{"taxonomy":"post_tag","embeddable":true,"href":"https:\/\/mppee.gob.ve\/index.php?rest_route=%2Fwp%2Fv2%2Ftags&post=99483"}],"curies":[{"name":"wp","href":"https:\/\/api.w.org\/{rel}","templated":true}]}}