{"id":99515,"date":"2025-08-11T20:36:18","date_gmt":"2025-08-11T20:36:18","guid":{"rendered":"https:\/\/mppee.gob.ve\/?p=99515"},"modified":"2025-08-11T20:36:19","modified_gmt":"2025-08-11T20:36:19","slug":"brindaran-atencion-a-usuarios-comerciales-y-residenciales-en-trujillo","status":"publish","type":"post","link":"https:\/\/mppee.gob.ve\/?p=99515","title":{"rendered":"Brindar\u00e1n atenci\u00f3n a usuarios comerciales y residenciales en Trujillo"},"content":{"rendered":"\n<p><strong>Estado Trujillo.- <\/strong>Desde este martes 12 hasta el s\u00e1bado 16 de agosto, trabajadores de la <a href=\"https:\/\/www.instagram.com\/corpoelecinfo\/\" data-type=\"link\" data-id=\"https:\/\/www.instagram.com\/corpoelecinfo\/\">Corporaci\u00f3n El\u00e9ctrica Nacional (CORPOELEC) <\/a>se desplegar\u00e1n para brindar atenci\u00f3n directa a usuarios comerciales y residenciales del estado Trujillo.<\/p>\n\n\n\n<p>Durante las Jornadas Integrales de Atenci\u00f3n al Usuario, los ciudadanos podr\u00e1n realizar el pago oportuno de facturas, recibir asesor\u00eda personalizada, actualizar datos y canalizar inquietudes relacionadas con el servicio el\u00e9ctrico.<\/p>\n\n\n\n<p>La atenci\u00f3n se ofrecer\u00e1 entre las 9:00 de la ma\u00f1ana y las 4:00 de la tarde en los siguientes sectores:<\/p>\n\n\n\n<ul class=\"wp-block-list\">\n<li>Juan Ignacio Montilla, Mercedes D\u00edaz, Timotes, San Rafael de Carvajal, Escuque, Pamp\u00e1n, Matriz, Carache, Bocon\u00f3, Valmore Rodr\u00edguez y La Pueblita.<\/li>\n\n\n\n<li>Antonio Nicol\u00e1s Brice\u00f1o, Cruz Carrillo, Monay, R\u00f3mulo Gallegos, Valmore y Los Cedros.<\/li>\n\n\n\n<li>Sabana Libre, Crist\u00f3bal Mendoza, Flor de Patria, El Carmen, Sabana de Mendoza y Jos\u00e9 Gregorio Hern\u00e1ndez.<\/li>\n<\/ul>\n\n\n\n<p>Para m\u00e1s informaci\u00f3n sobre las Jornadas Integrales de Atenci\u00f3n al Usuario, puede consultar la cuenta&nbsp;<a href=\"https:\/\/www.instagram.com\/corpoelecinfo\/\">@corpoelecinfo&nbsp;<\/a>en Instagram o visitar la p\u00e1gina<a href=\"https:\/\/www.facebook.com\/Corpoelecinfo\">&nbsp;Corpoelec Informa&nbsp;<\/a>en Facebook.<\/p>\n\n\n\n<p><strong>Prensa MPPEE \u2013 CORPOELEC<\/strong><\/p>\n","protected":false},"excerpt":{"rendered":"<p>Estado Trujillo.- Desde este martes 12 hasta el s\u00e1bado 16 de agosto, trabajadores de la Corporaci\u00f3n El\u00e9ctrica Nacional (CORPOELEC) se<\/p>\n","protected":false},"author":24,"featured_media":98318,"comment_status":"closed","ping_status":"closed","sticky":false,"template":"","format":"standard","meta":{"footnotes":""},"categories":[30],"tags":[2758,2702,2769],"class_list":["post-99515","post","type-post","status-publish","format-standard","has-post-thumbnail","hentry","category-regionales","tag-atencion","tag-trujillo","tag-usuario"],"_links":{"self":[{"href":"https:\/\/mppee.gob.ve\/index.php?rest_route=\/wp\/v2\/posts\/99515","targetHints":{"allow":["GET"]}}],"collection":[{"href":"https:\/\/mppee.gob.ve\/index.php?rest_route=\/wp\/v2\/posts"}],"about":[{"href":"https:\/\/mppee.gob.ve\/index.php?rest_route=\/wp\/v2\/types\/post"}],"author":[{"embeddable":true,"href":"https:\/\/mppee.gob.ve\/index.php?rest_route=\/wp\/v2\/users\/24"}],"replies":[{"embeddable":true,"href":"https:\/\/mppee.gob.ve\/index.php?rest_route=%2Fwp%2Fv2%2Fcomments&post=99515"}],"version-history":[{"count":1,"href":"https:\/\/mppee.gob.ve\/index.php?rest_route=\/wp\/v2\/posts\/99515\/revisions"}],"predecessor-version":[{"id":99518,"href":"https:\/\/mppee.gob.ve\/index.php?rest_route=\/wp\/v2\/posts\/99515\/revisions\/99518"}],"wp:featuredmedia":[{"embeddable":true,"href":"https:\/\/mppee.gob.ve\/index.php?rest_route=\/wp\/v2\/media\/98318"}],"wp:attachment":[{"href":"https:\/\/mppee.gob.ve\/index.php?rest_route=%2Fwp%2Fv2%2Fmedia&parent=99515"}],"wp:term":[{"taxonomy":"category","embeddable":true,"href":"https:\/\/mppee.gob.ve\/index.php?rest_route=%2Fwp%2Fv2%2Fcategories&post=99515"},{"taxonomy":"post_tag","embeddable":true,"href":"https:\/\/mppee.gob.ve\/index.php?rest_route=%2Fwp%2Fv2%2Ftags&post=99515"}],"curies":[{"name":"wp","href":"https:\/\/api.w.org\/{rel}","templated":true}]}}