{"id":99516,"date":"2025-08-11T20:42:33","date_gmt":"2025-08-11T20:42:33","guid":{"rendered":"https:\/\/mppee.gob.ve\/?p=99516"},"modified":"2025-08-11T21:58:55","modified_gmt":"2025-08-11T21:58:55","slug":"ministro-marquez-supervisa-la-planta-termoelectrica-antonio-jose-de-sucre","status":"publish","type":"post","link":"https:\/\/mppee.gob.ve\/?p=99516","title":{"rendered":"Ministro M\u00e1rquez supervisa la Planta Termoel\u00e9ctrica Antonio Jos\u00e9 de Sucre"},"content":{"rendered":"\n<p><strong>Cuman\u00e1, estado Sucre.- <\/strong>En el contexto del Plan Nacional de Inspecciones y Mantenimiento Integral del Sistema El\u00e9ctrico Nacional (SEN), el ministro del Poder Popular para la Energ\u00eda El\u00e9ctrica, Jorge M\u00e1rquez, realiz\u00f3 una visita a la Planta Termoel\u00e9ctrica Antonio Jos\u00e9 de Sucre, ubicada en la ciudad de Cuman\u00e1 en el estado Sucre.<\/p>\n\n\n\n<p>Durante el recorrido, M\u00e1rquez supervis\u00f3 las maniobras de mantenimiento que se ejecutan en la Unidad 1, acciones que brindar\u00e1n mayor eficiencia a la infraestructura que sirve a los estados de la regi\u00f3n oriental.<\/p>\n\n\n\n<p>Asimismo, constat\u00f3 la operatividad de los equipos de generaci\u00f3n y escuch\u00f3 a los trabajadores, atendiendo las propuestas generadas por quienes operan t\u00e9cnica y humanamente el SEN.<\/p>\n\n\n\n<p>Esta inspecci\u00f3n forma parte de las instrucciones giradas por el presidente Nicol\u00e1s Maduro, quien ha ordenado la atenci\u00f3n directa a las comunidades y el fortalecimiento de la infraestructura energ\u00e9tica nacional.<\/p>\n\n\n\n<p><strong>Prensa MPPEE-CORPOELEC \/ Rosiris Ortega<\/strong><\/p>\n","protected":false},"excerpt":{"rendered":"<p>Cuman\u00e1, estado Sucre.- En el contexto del Plan Nacional de Inspecciones y Mantenimiento Integral del Sistema El\u00e9ctrico Nacional (SEN), el<\/p>\n","protected":false},"author":24,"featured_media":99519,"comment_status":"closed","ping_status":"closed","sticky":false,"template":"","format":"standard","meta":{"footnotes":""},"categories":[15],"tags":[3225,2763,3224,2693],"class_list":["post-99516","post","type-post","status-publish","format-standard","has-post-thumbnail","hentry","category-nacionales","tag-antonio-jose-de-sucre","tag-jorge-marquez","tag-planta-termoelectrica","tag-sucre"],"_links":{"self":[{"href":"https:\/\/mppee.gob.ve\/index.php?rest_route=\/wp\/v2\/posts\/99516","targetHints":{"allow":["GET"]}}],"collection":[{"href":"https:\/\/mppee.gob.ve\/index.php?rest_route=\/wp\/v2\/posts"}],"about":[{"href":"https:\/\/mppee.gob.ve\/index.php?rest_route=\/wp\/v2\/types\/post"}],"author":[{"embeddable":true,"href":"https:\/\/mppee.gob.ve\/index.php?rest_route=\/wp\/v2\/users\/24"}],"replies":[{"embeddable":true,"href":"https:\/\/mppee.gob.ve\/index.php?rest_route=%2Fwp%2Fv2%2Fcomments&post=99516"}],"version-history":[{"count":1,"href":"https:\/\/mppee.gob.ve\/index.php?rest_route=\/wp\/v2\/posts\/99516\/revisions"}],"predecessor-version":[{"id":99517,"href":"https:\/\/mppee.gob.ve\/index.php?rest_route=\/wp\/v2\/posts\/99516\/revisions\/99517"}],"wp:featuredmedia":[{"embeddable":true,"href":"https:\/\/mppee.gob.ve\/index.php?rest_route=\/wp\/v2\/media\/99519"}],"wp:attachment":[{"href":"https:\/\/mppee.gob.ve\/index.php?rest_route=%2Fwp%2Fv2%2Fmedia&parent=99516"}],"wp:term":[{"taxonomy":"category","embeddable":true,"href":"https:\/\/mppee.gob.ve\/index.php?rest_route=%2Fwp%2Fv2%2Fcategories&post=99516"},{"taxonomy":"post_tag","embeddable":true,"href":"https:\/\/mppee.gob.ve\/index.php?rest_route=%2Fwp%2Fv2%2Ftags&post=99516"}],"curies":[{"name":"wp","href":"https:\/\/api.w.org\/{rel}","templated":true}]}}