{"id":99521,"date":"2025-08-11T22:42:19","date_gmt":"2025-08-11T22:42:19","guid":{"rendered":"https:\/\/mppee.gob.ve\/?p=99521"},"modified":"2025-08-11T22:42:20","modified_gmt":"2025-08-11T22:42:20","slug":"fortalecen-operatividad-de-plantas-termoelectricas-de-nueva-esparta","status":"publish","type":"post","link":"https:\/\/mppee.gob.ve\/?p=99521","title":{"rendered":"Fortalecen operatividad de Plantas Termoel\u00e9ctricas de Nueva Esparta"},"content":{"rendered":"\n<p><strong>Porlamar, estado Nueva Esparta.\u2013<\/strong> Como parte de la agenda de trabajo institucional en el oriente del pa\u00eds, el ministro del Poder Popular para la Energ\u00eda El\u00e9ctrica, Jorge M\u00e1rquez, inspeccion\u00f3 este lunes las Plantas de Generaci\u00f3n Luisa C\u00e1ceres de Arismendi y Juan Bautista Arismendi, ubicadas en el estado Nueva Esparta.<\/p>\n\n\n\n<p>La visita que responde a los lineamientos del presidente de la Rep\u00fablica, Nicol\u00e1s Maduro, constat\u00f3 el funcionamiento de los sistemas de generaci\u00f3n que sirven a la entidad insular en el contexto del Plan Nacional de Inspecciones y Mantenimiento Integral del Sistema El\u00e9ctrico Nacional (SEN).<\/p>\n\n\n\n<p>En compa\u00f1\u00eda de trabajadores de la <a href=\"https:\/\/www.instagram.com\/corpoelecinfo\/\" data-type=\"link\" data-id=\"https:\/\/www.instagram.com\/corpoelecinfo\/\">Corporaci\u00f3n El\u00e9ctrica Nacional (CORPOELEC)<\/a>, revis\u00f3 las condiciones operativas de los equipos y sostuvo intercambios t\u00e9cnicos con el personal especializado, enfocados en robustecer el servicio el\u00e9ctrico en la entidad neoespartana.<\/p>\n\n\n\n<p>Esta jornada reafirma el compromiso del Gobierno Nacional con el fortalecimiento de la infraestructura el\u00e9ctrica a trav\u00e9s de acciones concretas que buscan asegurar el bienestar de la poblaci\u00f3n.<\/p>\n\n\n\n<p><strong>Prensa MPPEE-CORPOELEC \/ Rosiris Ortega<\/strong><\/p>\n","protected":false},"excerpt":{"rendered":"<p>Porlamar, estado Nueva Esparta.\u2013 Como parte de la agenda de trabajo institucional en el oriente del pa\u00eds, el ministro del<\/p>\n","protected":false},"author":24,"featured_media":99522,"comment_status":"closed","ping_status":"closed","sticky":false,"template":"","format":"standard","meta":{"footnotes":""},"categories":[15],"tags":[2691,2763,2727,2946],"class_list":["post-99521","post","type-post","status-publish","format-standard","has-post-thumbnail","hentry","category-nacionales","tag-corpoelec","tag-jorge-marquez","tag-nueva-esparta","tag-termoelectrica"],"_links":{"self":[{"href":"https:\/\/mppee.gob.ve\/index.php?rest_route=\/wp\/v2\/posts\/99521","targetHints":{"allow":["GET"]}}],"collection":[{"href":"https:\/\/mppee.gob.ve\/index.php?rest_route=\/wp\/v2\/posts"}],"about":[{"href":"https:\/\/mppee.gob.ve\/index.php?rest_route=\/wp\/v2\/types\/post"}],"author":[{"embeddable":true,"href":"https:\/\/mppee.gob.ve\/index.php?rest_route=\/wp\/v2\/users\/24"}],"replies":[{"embeddable":true,"href":"https:\/\/mppee.gob.ve\/index.php?rest_route=%2Fwp%2Fv2%2Fcomments&post=99521"}],"version-history":[{"count":1,"href":"https:\/\/mppee.gob.ve\/index.php?rest_route=\/wp\/v2\/posts\/99521\/revisions"}],"predecessor-version":[{"id":99523,"href":"https:\/\/mppee.gob.ve\/index.php?rest_route=\/wp\/v2\/posts\/99521\/revisions\/99523"}],"wp:featuredmedia":[{"embeddable":true,"href":"https:\/\/mppee.gob.ve\/index.php?rest_route=\/wp\/v2\/media\/99522"}],"wp:attachment":[{"href":"https:\/\/mppee.gob.ve\/index.php?rest_route=%2Fwp%2Fv2%2Fmedia&parent=99521"}],"wp:term":[{"taxonomy":"category","embeddable":true,"href":"https:\/\/mppee.gob.ve\/index.php?rest_route=%2Fwp%2Fv2%2Fcategories&post=99521"},{"taxonomy":"post_tag","embeddable":true,"href":"https:\/\/mppee.gob.ve\/index.php?rest_route=%2Fwp%2Fv2%2Ftags&post=99521"}],"curies":[{"name":"wp","href":"https:\/\/api.w.org\/{rel}","templated":true}]}}