{"id":99537,"date":"2025-08-12T15:05:07","date_gmt":"2025-08-12T15:05:07","guid":{"rendered":"https:\/\/mppee.gob.ve\/?p=99537"},"modified":"2025-08-12T15:05:09","modified_gmt":"2025-08-12T15:05:09","slug":"mejoran-sistema-de-alumbrado-publico-en-valles-del-tuy","status":"publish","type":"post","link":"https:\/\/mppee.gob.ve\/?p=99537","title":{"rendered":"Mejoran sistema de alumbrado p\u00fablico en Valles del Tuy"},"content":{"rendered":"\n<p><strong>Estado Miranda.-<\/strong> La <a href=\"https:\/\/www.instagram.com\/corpoelecinfo\/\" data-type=\"link\" data-id=\"https:\/\/www.instagram.com\/corpoelecinfo\/\">Corporaci\u00f3n El\u00e9ctrica Nacional (CORPOELEC) <\/a>ejecut\u00f3 diversas actividades en el municipio Independencia del estado Miranda, con el objetivo de mejorar la calidad del sistema de alumbrado p\u00fablico para m\u00e1s de 34.569 habitantes.<\/p>\n\n\n\n<p>Los trabajos realizados se enfocaron en la instalaci\u00f3n de 20 luminarias LED y la recuperaci\u00f3n de 24 puntos de luz, con el prop\u00f3sito de mejorar la seguridad de los transe\u00fantes y la visibilidad en avenidas y calles de los sectores Los Olivos, La Lagunita y el urbanismo Nuestra Se\u00f1ora de Guadalupe.<\/p>\n\n\n\n<p>Asimismo, las cuadrillas especializadas sustituyeron dos postes hexagonales, estructuras dise\u00f1adas para sostener componentes el\u00e9ctricos, l\u00edneas de baja y media tensi\u00f3n, as\u00ed como elementos de telecomunicaci\u00f3n, fortaleciendo el servicio en los sectores Luis Tovar y La Virginia, pertenecientes a los municipios Paz Castillo e Independencia.<\/p>\n\n\n\n<p>CORPOELEC contin\u00faa garantizando la calidad, estabilidad y eficiencia del servicio el\u00e9ctrico en favor del bienestar de las familias mirandinas.<\/p>\n\n\n\n<p><strong>Prensa MPPEE &#8211; CORPOELEC<\/strong><\/p>\n","protected":false},"excerpt":{"rendered":"<p>Estado Miranda.- La Corporaci\u00f3n El\u00e9ctrica Nacional (CORPOELEC) ejecut\u00f3 diversas actividades en el municipio Independencia del estado Miranda, con el objetivo<\/p>\n","protected":false},"author":24,"featured_media":99538,"comment_status":"closed","ping_status":"closed","sticky":false,"template":"","format":"standard","meta":{"footnotes":""},"categories":[30],"tags":[2771,2691,3094,2905],"class_list":["post-99537","post","type-post","status-publish","format-standard","has-post-thumbnail","hentry","category-regionales","tag-alumbrado-publico","tag-corpoelec","tag-independencia","tag-valles-del-tuy"],"_links":{"self":[{"href":"https:\/\/mppee.gob.ve\/index.php?rest_route=\/wp\/v2\/posts\/99537","targetHints":{"allow":["GET"]}}],"collection":[{"href":"https:\/\/mppee.gob.ve\/index.php?rest_route=\/wp\/v2\/posts"}],"about":[{"href":"https:\/\/mppee.gob.ve\/index.php?rest_route=\/wp\/v2\/types\/post"}],"author":[{"embeddable":true,"href":"https:\/\/mppee.gob.ve\/index.php?rest_route=\/wp\/v2\/users\/24"}],"replies":[{"embeddable":true,"href":"https:\/\/mppee.gob.ve\/index.php?rest_route=%2Fwp%2Fv2%2Fcomments&post=99537"}],"version-history":[{"count":1,"href":"https:\/\/mppee.gob.ve\/index.php?rest_route=\/wp\/v2\/posts\/99537\/revisions"}],"predecessor-version":[{"id":99539,"href":"https:\/\/mppee.gob.ve\/index.php?rest_route=\/wp\/v2\/posts\/99537\/revisions\/99539"}],"wp:featuredmedia":[{"embeddable":true,"href":"https:\/\/mppee.gob.ve\/index.php?rest_route=\/wp\/v2\/media\/99538"}],"wp:attachment":[{"href":"https:\/\/mppee.gob.ve\/index.php?rest_route=%2Fwp%2Fv2%2Fmedia&parent=99537"}],"wp:term":[{"taxonomy":"category","embeddable":true,"href":"https:\/\/mppee.gob.ve\/index.php?rest_route=%2Fwp%2Fv2%2Fcategories&post=99537"},{"taxonomy":"post_tag","embeddable":true,"href":"https:\/\/mppee.gob.ve\/index.php?rest_route=%2Fwp%2Fv2%2Ftags&post=99537"}],"curies":[{"name":"wp","href":"https:\/\/api.w.org\/{rel}","templated":true}]}}