{"id":99543,"date":"2025-08-12T16:03:30","date_gmt":"2025-08-12T16:03:30","guid":{"rendered":"https:\/\/mppee.gob.ve\/?p=99543"},"modified":"2025-08-12T16:19:25","modified_gmt":"2025-08-12T16:19:25","slug":"atenderan-a-usuarios-residenciales-y-comerciales-de-la-peninsula-de-paraguana-informacion","status":"publish","type":"post","link":"https:\/\/mppee.gob.ve\/?p=99543","title":{"rendered":"Atender\u00e1n a usuarios residenciales y comerciales de la Pen\u00ednsula de Paraguan\u00e1 (+Informaci\u00f3n)"},"content":{"rendered":"\n<p><strong>Estado Falc\u00f3n.- <\/strong>En una acci\u00f3n destinada a atender de forma directa a usuarios residenciales y comerciales, La <a href=\"https:\/\/www.instagram.com\/corpoelecinfo\/\" data-type=\"link\" data-id=\"https:\/\/www.instagram.com\/corpoelecinfo\/\">Corporaci\u00f3n El\u00e9ctrica Nacional (CORPOELEC) <\/a>realizar\u00e1 una Jornada de Atenci\u00f3n Integral durante cinco d\u00edas en el municipio Carirubana, estado Falc\u00f3n.<\/p>\n\n\n\n<p>La atenci\u00f3n iniciar\u00e1 el mi\u00e9rcoles 13 de agosto y se extender\u00e1 hasta el s\u00e1bado 16 de agosto en los centros comerciales Ciudad del Viento, El Doral y Plaza, donde se brindar\u00e1 asesor\u00eda personalizada a los residentes de la urbanizaci\u00f3n Jorge Hern\u00e1ndez Sector 1, diagonal a la Casa Comunal C\u00e1ndida Borregales.<\/p>\n\n\n\n<p>Las jornadas se desarrollar\u00e1n entre las 9:00 de la ma\u00f1ana y las 2:00 de la tarde. Durante este per\u00edodo, los usuarios podr\u00e1n actualizar datos, recibir notificaci\u00f3n de deuda, gestionar tr\u00e1mites relacionados con el servicio el\u00e9ctrico y pagar sus facturas a trav\u00e9s de puntos de venta autorizados.<\/p>\n\n\n\n<p>Para m\u00e1s informaci\u00f3n sobre las Jornadas Integrales de Atenci\u00f3n al Usuario, puede dirigirse a los Centros Integrales de Atenci\u00f3n al Usuario (CIAU) ubicados en la calle Arismendi de Punto Fijo y en Nuevo Pueblo de Punta Card\u00f3n, o seguir las cuentas oficiales en redes sociales: <a href=\"https:\/\/www.instagram.com\/corpoelecinfo\/\">@corpoelecinfo&nbsp;<\/a>en Instagram y <a href=\"https:\/\/www.facebook.com\/Corpoelecinfo\">&nbsp;Corpoelec Informa&nbsp;<\/a>en Facebook.<\/p>\n\n\n\n<p><strong>Prensa MPPEE &#8211; CORPOELEC<\/strong><\/p>\n","protected":false},"excerpt":{"rendered":"<p>Estado Falc\u00f3n.- En una acci\u00f3n destinada a atender de forma directa a usuarios residenciales y comerciales, La Corporaci\u00f3n El\u00e9ctrica Nacional<\/p>\n","protected":false},"author":24,"featured_media":98250,"comment_status":"closed","ping_status":"closed","sticky":false,"template":"","format":"standard","meta":{"footnotes":""},"categories":[30],"tags":[2758,3045,2695,2769],"class_list":["post-99543","post","type-post","status-publish","format-standard","has-post-thumbnail","hentry","category-regionales","tag-atencion","tag-carirubana","tag-falcon","tag-usuario"],"_links":{"self":[{"href":"https:\/\/mppee.gob.ve\/index.php?rest_route=\/wp\/v2\/posts\/99543","targetHints":{"allow":["GET"]}}],"collection":[{"href":"https:\/\/mppee.gob.ve\/index.php?rest_route=\/wp\/v2\/posts"}],"about":[{"href":"https:\/\/mppee.gob.ve\/index.php?rest_route=\/wp\/v2\/types\/post"}],"author":[{"embeddable":true,"href":"https:\/\/mppee.gob.ve\/index.php?rest_route=\/wp\/v2\/users\/24"}],"replies":[{"embeddable":true,"href":"https:\/\/mppee.gob.ve\/index.php?rest_route=%2Fwp%2Fv2%2Fcomments&post=99543"}],"version-history":[{"count":2,"href":"https:\/\/mppee.gob.ve\/index.php?rest_route=\/wp\/v2\/posts\/99543\/revisions"}],"predecessor-version":[{"id":99547,"href":"https:\/\/mppee.gob.ve\/index.php?rest_route=\/wp\/v2\/posts\/99543\/revisions\/99547"}],"wp:featuredmedia":[{"embeddable":true,"href":"https:\/\/mppee.gob.ve\/index.php?rest_route=\/wp\/v2\/media\/98250"}],"wp:attachment":[{"href":"https:\/\/mppee.gob.ve\/index.php?rest_route=%2Fwp%2Fv2%2Fmedia&parent=99543"}],"wp:term":[{"taxonomy":"category","embeddable":true,"href":"https:\/\/mppee.gob.ve\/index.php?rest_route=%2Fwp%2Fv2%2Fcategories&post=99543"},{"taxonomy":"post_tag","embeddable":true,"href":"https:\/\/mppee.gob.ve\/index.php?rest_route=%2Fwp%2Fv2%2Ftags&post=99543"}],"curies":[{"name":"wp","href":"https:\/\/api.w.org\/{rel}","templated":true}]}}