{"id":99566,"date":"2025-08-13T15:38:34","date_gmt":"2025-08-13T15:38:34","guid":{"rendered":"https:\/\/mppee.gob.ve\/?p=99566"},"modified":"2025-08-13T15:38:35","modified_gmt":"2025-08-13T15:38:35","slug":"atendidos-mas-de-200-mil-larenses-a-traves-de-la-linea-venapp","status":"publish","type":"post","link":"https:\/\/mppee.gob.ve\/?p=99566","title":{"rendered":"Atendidos m\u00e1s de 200 mil larenses a trav\u00e9s de la L\u00ednea VenApp"},"content":{"rendered":"\n<p><strong>Estado Lara.-<\/strong> En respuesta a las solicitudes registradas a trav\u00e9s de la L\u00ednea VenApp, cuadrillas operativas de la <a href=\"https:\/\/www.instagram.com\/corpoelecinfo\/\" data-type=\"link\" data-id=\"https:\/\/www.instagram.com\/corpoelecinfo\/\">Corporaci\u00f3n El\u00e9ctrica Nacional (CORPOELEC)<\/a> ejecutaron una jornada integral en las tres parroquias que conforman el municipio Palavecino del estado Lara.<\/p>\n\n\n\n<p>Las acciones, orientadas a brindar soluciones oportunas a los usuarios, se concretaron en las parroquias Cabudare, Jos\u00e9 Gregorio Bastidas y Agua Viva mediante la sustituci\u00f3n de bajantes en transformadores, reemplazo de conductores en l\u00edneas, adecuaciones, alumbrado p\u00fablico y control de vegetaci\u00f3n.<\/p>\n\n\n\n<p>Esta iniciativa que cont\u00f3 con el acompa\u00f1amiento de l\u00edderes comunales y jefes de la Unidad de Batalla Bol\u00edvar &#8211; Ch\u00e1vez (UBCh), contribuye a mejorar la calidad y continuidad del servicio el\u00e9ctrico para m\u00e1s de 200 mil habitantes del municipio Palavecino.<\/p>\n\n\n\n<p>En el contexto del Plan de Estabilizaci\u00f3n y Fortalecimiento del Sistema El\u00e9ctrico, CORPOELEC reitera su compromiso de garantizar un servicio eficiente, priorizando la atenci\u00f3n a las comunidades mediante los mecanismos de participaci\u00f3n ciudadana establecidos por el Gobierno Nacional.<\/p>\n\n\n\n<p><strong>Prensa MPPEE &#8211; CORPOELEC<\/strong><\/p>\n","protected":false},"excerpt":{"rendered":"<p>Estado Lara.- En respuesta a las solicitudes registradas a trav\u00e9s de la L\u00ednea VenApp, cuadrillas operativas de la Corporaci\u00f3n El\u00e9ctrica<\/p>\n","protected":false},"author":24,"featured_media":99567,"comment_status":"closed","ping_status":"closed","sticky":false,"template":"","format":"standard","meta":{"footnotes":""},"categories":[30],"tags":[2691,2690,3231,2868],"class_list":["post-99566","post","type-post","status-publish","format-standard","has-post-thumbnail","hentry","category-regionales","tag-corpoelec","tag-lara","tag-palavecino","tag-venapp"],"_links":{"self":[{"href":"https:\/\/mppee.gob.ve\/index.php?rest_route=\/wp\/v2\/posts\/99566","targetHints":{"allow":["GET"]}}],"collection":[{"href":"https:\/\/mppee.gob.ve\/index.php?rest_route=\/wp\/v2\/posts"}],"about":[{"href":"https:\/\/mppee.gob.ve\/index.php?rest_route=\/wp\/v2\/types\/post"}],"author":[{"embeddable":true,"href":"https:\/\/mppee.gob.ve\/index.php?rest_route=\/wp\/v2\/users\/24"}],"replies":[{"embeddable":true,"href":"https:\/\/mppee.gob.ve\/index.php?rest_route=%2Fwp%2Fv2%2Fcomments&post=99566"}],"version-history":[{"count":1,"href":"https:\/\/mppee.gob.ve\/index.php?rest_route=\/wp\/v2\/posts\/99566\/revisions"}],"predecessor-version":[{"id":99568,"href":"https:\/\/mppee.gob.ve\/index.php?rest_route=\/wp\/v2\/posts\/99566\/revisions\/99568"}],"wp:featuredmedia":[{"embeddable":true,"href":"https:\/\/mppee.gob.ve\/index.php?rest_route=\/wp\/v2\/media\/99567"}],"wp:attachment":[{"href":"https:\/\/mppee.gob.ve\/index.php?rest_route=%2Fwp%2Fv2%2Fmedia&parent=99566"}],"wp:term":[{"taxonomy":"category","embeddable":true,"href":"https:\/\/mppee.gob.ve\/index.php?rest_route=%2Fwp%2Fv2%2Fcategories&post=99566"},{"taxonomy":"post_tag","embeddable":true,"href":"https:\/\/mppee.gob.ve\/index.php?rest_route=%2Fwp%2Fv2%2Ftags&post=99566"}],"curies":[{"name":"wp","href":"https:\/\/api.w.org\/{rel}","templated":true}]}}