{"id":99574,"date":"2025-08-13T17:41:02","date_gmt":"2025-08-13T17:41:02","guid":{"rendered":"https:\/\/mppee.gob.ve\/?p=99574"},"modified":"2025-08-13T17:48:55","modified_gmt":"2025-08-13T17:48:55","slug":"usuarios-de-araure-y-turen-recibiran-asesoria-personalizada","status":"publish","type":"post","link":"https:\/\/mppee.gob.ve\/?p=99574","title":{"rendered":"Usuarios de Araure y Tur\u00e9n recibir\u00e1n asesor\u00eda personalizada"},"content":{"rendered":"\n<p><strong>Estado Portuguesa.- <\/strong>A trav\u00e9s de Jornadas Integrales de Atenci\u00f3n al Usuario, la <a href=\"https:\/\/www.instagram.com\/corpoelecinfo\/\" data-type=\"link\" data-id=\"https:\/\/www.instagram.com\/corpoelecinfo\/\">Corporaci\u00f3n El\u00e9ctrica Nacional (CORPOELEC) <\/a>se desplegar\u00e1 los d\u00edas mi\u00e9rcoles 13 y jueves 14 de agosto en sectores de los municipios Tur\u00e9n y Araure, en el estado Portuguesa.<\/p>\n\n\n\n<p>El personal estar\u00e1 a disposici\u00f3n de los usuarios para actualizar datos, pagar sus facturas, recibir notificaci\u00f3n de deuda y gestionar tr\u00e1mites relacionados con el servicio de energ\u00eda.<\/p>\n\n\n\n<p>Los puntos de atenci\u00f3n estar\u00e1n ubicados en:<\/p>\n\n\n\n<ul class=\"wp-block-list\">\n<li><strong>Mi\u00e9rcoles 13 de agosto<\/strong><\/li>\n<\/ul>\n\n\n\n<p>Comunidad San Antonio I y II, parroquia Villa Bruzual, municipio Tur\u00e9n<br>Horario: 8:30 de la ma\u00f1ana a 3:00 de la tarde<\/p>\n\n\n\n<ul class=\"wp-block-list\">\n<li><strong>Jueves 14 de agosto<\/strong><\/li>\n<\/ul>\n\n\n\n<p>Comunidad San Antonio I y II, parroquia Villa Bruzual, municipio Tur\u00e9n<br>Horario: 8:30 de la ma\u00f1ana a 3:00 de la tarde<\/p>\n\n\n\n<p>Comunidad Baraure II, parroquia Araure, municipio Araure<br>Horario: 9:00 de la ma\u00f1ana a 12:00 del mediod\u00eda.<\/p>\n\n\n\n<p>Para m\u00e1s informaci\u00f3n sobre las Jornadas Integrales de Atenci\u00f3n al Usuario, puede consultar la cuenta\u00a0<a href=\"https:\/\/www.instagram.com\/corpoelecinfo\/\">@corpoelecinfo\u00a0<\/a>en Instagram o visitar la p\u00e1gina<a href=\"https:\/\/www.facebook.com\/Corpoelecinfo\">\u00a0Corpoelec Informa\u00a0<\/a>en Facebook.<\/p>\n\n\n\n<p><strong>Prensa MPPEE \u2013 CORPOELEC<\/strong><\/p>\n","protected":false},"excerpt":{"rendered":"<p>Estado Portuguesa.- A trav\u00e9s de Jornadas Integrales de Atenci\u00f3n al Usuario, la Corporaci\u00f3n El\u00e9ctrica Nacional (CORPOELEC) se desplegar\u00e1 los d\u00edas<\/p>\n","protected":false},"author":24,"featured_media":98317,"comment_status":"closed","ping_status":"closed","sticky":false,"template":"","format":"standard","meta":{"footnotes":""},"categories":[30],"tags":[3215,2691,2725,3238],"class_list":["post-99574","post","type-post","status-publish","format-standard","has-post-thumbnail","hentry","category-regionales","tag-araure","tag-corpoelec","tag-portuguesa","tag-turen"],"_links":{"self":[{"href":"https:\/\/mppee.gob.ve\/index.php?rest_route=\/wp\/v2\/posts\/99574","targetHints":{"allow":["GET"]}}],"collection":[{"href":"https:\/\/mppee.gob.ve\/index.php?rest_route=\/wp\/v2\/posts"}],"about":[{"href":"https:\/\/mppee.gob.ve\/index.php?rest_route=\/wp\/v2\/types\/post"}],"author":[{"embeddable":true,"href":"https:\/\/mppee.gob.ve\/index.php?rest_route=\/wp\/v2\/users\/24"}],"replies":[{"embeddable":true,"href":"https:\/\/mppee.gob.ve\/index.php?rest_route=%2Fwp%2Fv2%2Fcomments&post=99574"}],"version-history":[{"count":1,"href":"https:\/\/mppee.gob.ve\/index.php?rest_route=\/wp\/v2\/posts\/99574\/revisions"}],"predecessor-version":[{"id":99576,"href":"https:\/\/mppee.gob.ve\/index.php?rest_route=\/wp\/v2\/posts\/99574\/revisions\/99576"}],"wp:featuredmedia":[{"embeddable":true,"href":"https:\/\/mppee.gob.ve\/index.php?rest_route=\/wp\/v2\/media\/98317"}],"wp:attachment":[{"href":"https:\/\/mppee.gob.ve\/index.php?rest_route=%2Fwp%2Fv2%2Fmedia&parent=99574"}],"wp:term":[{"taxonomy":"category","embeddable":true,"href":"https:\/\/mppee.gob.ve\/index.php?rest_route=%2Fwp%2Fv2%2Fcategories&post=99574"},{"taxonomy":"post_tag","embeddable":true,"href":"https:\/\/mppee.gob.ve\/index.php?rest_route=%2Fwp%2Fv2%2Ftags&post=99574"}],"curies":[{"name":"wp","href":"https:\/\/api.w.org\/{rel}","templated":true}]}}