{"id":99581,"date":"2025-08-14T14:13:01","date_gmt":"2025-08-14T14:13:01","guid":{"rendered":"https:\/\/mppee.gob.ve\/?p=99581"},"modified":"2025-08-14T14:13:01","modified_gmt":"2025-08-14T14:13:01","slug":"atencion-personalizada-beneficiara-a-usuarios-tachirenses-desde-este-14-a","status":"publish","type":"post","link":"https:\/\/mppee.gob.ve\/?p=99581","title":{"rendered":"Atenci\u00f3n personalizada beneficiar\u00e1 a usuarios tachirenses desde este 14-A"},"content":{"rendered":"\n<p><strong>Estado T\u00e1chira.- <\/strong>Desde este jueves 14 hasta el s\u00e1bado 16 de agosto, la <a href=\"https:\/\/www.instagram.com\/corpoelecinfo\/\" data-type=\"link\" data-id=\"https:\/\/www.instagram.com\/corpoelecinfo\/\">Corporaci\u00f3n El\u00e9ctrica Nacional (CORPOELEC)<\/a> desplegar\u00e1 Jornadas Integrales de Atenci\u00f3n al Usuario en 13 municipios del estado T\u00e1chira.<\/p>\n\n\n\n<p>Los ciudadanos podr\u00e1n pagar sus facturas a trav\u00e9s de puntos de venta, recibir notificaci\u00f3n de deuda, actualizar datos, registrarse como nuevos usuarios y solventar inquietudes relacionadas con el servicio el\u00e9ctrico.<\/p>\n\n\n\n<p>Los puntos de atenci\u00f3n estar\u00e1n habilitados en los Centros Integrales de Atenci\u00f3n al Usuario (CIAU), en horario comprendido entre las 8:00 de la ma\u00f1ana y las 4:00 de la tarde, en los siguientes municipios:<\/p>\n\n\n\n<p><strong>Jueves 14 de agosto<\/strong><\/p>\n\n\n\n<ul class=\"wp-block-list\">\n<li>Garc\u00eda de Hevia: Casco central y avenida Aeropuerto de La Fr\u00eda.<\/li>\n\n\n\n<li>C\u00f3rdoba: Casco central de Santa Ana.<\/li>\n\n\n\n<li>Bol\u00edvar: Pueblo Nuevo y casco central de San Antonio.<\/li>\n\n\n\n<li>Pedro Mar\u00eda Ure\u00f1a: Sector Aguas Calientes de Ure\u00f1a.<\/li>\n\n\n\n<li>Michelena: Urbanizaci\u00f3n Andr\u00e9s Bello.<\/li>\n\n\n\n<li>San Crist\u00f3bal: 5ta Avenida y carrera 4 del centro.<\/li>\n\n\n\n<li>Panamericano: Casco central de Coloncito.<\/li>\n\n\n\n<li>Libertad: Circunvalaci\u00f3n de Capacho Viejo.<\/li>\n\n\n\n<li>Rafael Urdaneta: Aldea La Honda de Delicias.<\/li>\n\n\n\n<li>Jun\u00edn: Sector El Remolino de Rubio.<\/li>\n\n\n\n<li>C\u00e1rdenas: Sector Arjona de T\u00e1riba.<\/li>\n<\/ul>\n\n\n\n<p><strong>Viernes 15 de agosto<\/strong><\/p>\n\n\n\n<ul class=\"wp-block-list\">\n<li>Garc\u00eda de Hevia: Casco central de La Fr\u00eda.<\/li>\n\n\n\n<li>Uribante: Casco central.<\/li>\n\n\n\n<li>C\u00f3rdoba: Santa Ana.<\/li>\n\n\n\n<li>Pedro Mar\u00eda Ure\u00f1a: Casco central.<\/li>\n\n\n\n<li>Francisco de Miranda: San Jos\u00e9 de Bol\u00edvar.<\/li>\n\n\n\n<li>Michelena: Urbanizaci\u00f3n Guarumito.<\/li>\n\n\n\n<li>San Crist\u00f3bal: Pasaje Barcelona y 5ta Avenida.<\/li>\n\n\n\n<li>Panamericano: Sector 19 de Abril.<\/li>\n\n\n\n<li>Libertad: Circunvalaci\u00f3n de Capacho Viejo.<\/li>\n\n\n\n<li>Rafael Urdaneta: Casco central de Delicias.<\/li>\n\n\n\n<li>Jun\u00edn: Sector El Remolino II.<\/li>\n\n\n\n<li>C\u00e1rdenas: Casco central de T\u00e1riba.<\/li>\n<\/ul>\n\n\n\n<p><strong>S\u00e1bado 16 de agosto<\/strong><\/p>\n\n\n\n<ul class=\"wp-block-list\">\n<li>Jun\u00edn: Casco central de Rubio.<\/li>\n<\/ul>\n\n\n\n<p>Para m\u00e1s informaci\u00f3n sobre las Jornadas Integrales de Atenci\u00f3n al Usuario, puede consultar la cuenta&nbsp;<a href=\"https:\/\/www.instagram.com\/corpoelecinfo\/\">@corpoelecinfo&nbsp;<\/a>en Instagram o visitar la p\u00e1gina<a href=\"https:\/\/www.facebook.com\/Corpoelecinfo\">&nbsp;Corpoelec Informa&nbsp;<\/a>en Facebook.<\/p>\n\n\n\n<p><strong>Prensa MPPEE \u2013 CORPOELEC<\/strong><\/p>\n\n\n\n<p><\/p>\n","protected":false},"excerpt":{"rendered":"<p>Estado T\u00e1chira.- Desde este jueves 14 hasta el s\u00e1bado 16 de agosto, la Corporaci\u00f3n El\u00e9ctrica Nacional (CORPOELEC) desplegar\u00e1 Jornadas Integrales<\/p>\n","protected":false},"author":24,"featured_media":98318,"comment_status":"closed","ping_status":"closed","sticky":false,"template":"","format":"standard","meta":{"footnotes":""},"categories":[30],"tags":[3218,2700,2769],"class_list":["post-99581","post","type-post","status-publish","format-standard","has-post-thumbnail","hentry","category-regionales","tag-atencion-2","tag-tachira","tag-usuario"],"_links":{"self":[{"href":"https:\/\/mppee.gob.ve\/index.php?rest_route=\/wp\/v2\/posts\/99581","targetHints":{"allow":["GET"]}}],"collection":[{"href":"https:\/\/mppee.gob.ve\/index.php?rest_route=\/wp\/v2\/posts"}],"about":[{"href":"https:\/\/mppee.gob.ve\/index.php?rest_route=\/wp\/v2\/types\/post"}],"author":[{"embeddable":true,"href":"https:\/\/mppee.gob.ve\/index.php?rest_route=\/wp\/v2\/users\/24"}],"replies":[{"embeddable":true,"href":"https:\/\/mppee.gob.ve\/index.php?rest_route=%2Fwp%2Fv2%2Fcomments&post=99581"}],"version-history":[{"count":2,"href":"https:\/\/mppee.gob.ve\/index.php?rest_route=\/wp\/v2\/posts\/99581\/revisions"}],"predecessor-version":[{"id":99591,"href":"https:\/\/mppee.gob.ve\/index.php?rest_route=\/wp\/v2\/posts\/99581\/revisions\/99591"}],"wp:featuredmedia":[{"embeddable":true,"href":"https:\/\/mppee.gob.ve\/index.php?rest_route=\/wp\/v2\/media\/98318"}],"wp:attachment":[{"href":"https:\/\/mppee.gob.ve\/index.php?rest_route=%2Fwp%2Fv2%2Fmedia&parent=99581"}],"wp:term":[{"taxonomy":"category","embeddable":true,"href":"https:\/\/mppee.gob.ve\/index.php?rest_route=%2Fwp%2Fv2%2Fcategories&post=99581"},{"taxonomy":"post_tag","embeddable":true,"href":"https:\/\/mppee.gob.ve\/index.php?rest_route=%2Fwp%2Fv2%2Ftags&post=99581"}],"curies":[{"name":"wp","href":"https:\/\/api.w.org\/{rel}","templated":true}]}}