{"id":99583,"date":"2025-08-13T19:55:19","date_gmt":"2025-08-13T19:55:19","guid":{"rendered":"https:\/\/mppee.gob.ve\/?p=99583"},"modified":"2025-08-13T19:55:20","modified_gmt":"2025-08-13T19:55:20","slug":"inspeccionan-la-linea-765-kv-para-evaluar-el-control-de-vegetacion-en-el-eje-guarico-carabobo","status":"publish","type":"post","link":"https:\/\/mppee.gob.ve\/?p=99583","title":{"rendered":"Inspeccionan la l\u00ednea 765 kV para evaluar el control de vegetaci\u00f3n en el eje Gu\u00e1rico \u2013 Carabobo"},"content":{"rendered":"\n<p><strong>Estado Gu\u00e1rico.- <\/strong>Con el compromiso de preservar la infraestructura del Sistema El\u00e9ctrico Nacional (SEN), el ministro del Poder Popular para la Energ\u00eda El\u00e9ctrica, Jorge M\u00e1rquez, inspeccion\u00f3 este mi\u00e9rcoles la l\u00ednea 765 kV, que abarca los estados Gu\u00e1rico hasta Carabobo, para evaluar los avances de las maniobras de control de vegetaci\u00f3n.<\/p>\n\n\n\n<p>Desde el municipio Chaguaramas, M\u00e1rquez, cumpliendo con instrucciones del presidente <a href=\"https:\/\/www.instagram.com\/nicolasmaduro\/\" data-type=\"link\" data-id=\"https:\/\/www.instagram.com\/nicolasmaduro\/\">Nicol\u00e1s Maduro<\/a>, evalu\u00f3 las pr\u00f3ximas acciones que se ejecutar\u00e1n para consolidar el corredor de este importante eje energ\u00e9tico para el pa\u00eds.<\/p>\n\n\n\n<p>El titular de Energ\u00eda El\u00e9ctrica precis\u00f3 que, gracias a esta inspecci\u00f3n, se proyectan adecuaciones con el objetivo de que \u00absea una autopista, un corredor como tiene que estar\u00bb en v\u00edsperas de la \u00e9poca de verano.<\/p>\n\n\n\n<p>Junto al presidente de la <a href=\"https:\/\/www.instagram.com\/corpoelecinfo\/\" data-type=\"link\" data-id=\"https:\/\/www.instagram.com\/corpoelecinfo\/\">Corporaci\u00f3n El\u00e9ctrica Nacional (CORPOELEC)<\/a>, Jos\u00e9 Luis Betancourt, destac\u00f3 la relevancia que tiene el control de vegetaci\u00f3n para el buen funcionamiento del SEN.<\/p>\n\n\n\n<p>Adicionalmente, el ministro M\u00e1rquez recorri\u00f3 las \u00e1reas operativas de la subestaci\u00f3n San Ger\u00f3nimo B 765 kV, situada en Valle de la Pascua, como parte del Plan Nacional de Inspecciones y Mantenimiento Integral del SEN.<\/p>\n\n\n\n<p>La l\u00ednea 765 kV est\u00e1 conformada por m\u00e1s de 270 kil\u00f3metros, lo que representa unas 2.300 hect\u00e1reas con cerca de 400 torres, que distribuyen la electricidad entre Gu\u00e1rico y Carabobo, por lo que el mantenimiento y control de la vegetaci\u00f3n es primordial y parte de la agenda priorizada del Ministerio del Poder Popular para la Energ\u00eda El\u00e9ctrica y CORPOELEC.<\/p>\n\n\n\n<p><strong>Prensa MPPEE-CORPOELEC \/ Rosiris Ortega<\/strong><\/p>\n","protected":false},"excerpt":{"rendered":"<p>Estado Gu\u00e1rico.- Con el compromiso de preservar la infraestructura del Sistema El\u00e9ctrico Nacional (SEN), el ministro del Poder Popular para<\/p>\n","protected":false},"author":24,"featured_media":99584,"comment_status":"closed","ping_status":"closed","sticky":false,"template":"","format":"standard","meta":{"footnotes":""},"categories":[15],"tags":[2692,3062,2729,2763,2714],"class_list":["post-99583","post","type-post","status-publish","format-standard","has-post-thumbnail","hentry","category-nacionales","tag-carabobo","tag-control-de-vegetacion","tag-guarico","tag-jorge-marquez","tag-nicolas-maduro"],"_links":{"self":[{"href":"https:\/\/mppee.gob.ve\/index.php?rest_route=\/wp\/v2\/posts\/99583","targetHints":{"allow":["GET"]}}],"collection":[{"href":"https:\/\/mppee.gob.ve\/index.php?rest_route=\/wp\/v2\/posts"}],"about":[{"href":"https:\/\/mppee.gob.ve\/index.php?rest_route=\/wp\/v2\/types\/post"}],"author":[{"embeddable":true,"href":"https:\/\/mppee.gob.ve\/index.php?rest_route=\/wp\/v2\/users\/24"}],"replies":[{"embeddable":true,"href":"https:\/\/mppee.gob.ve\/index.php?rest_route=%2Fwp%2Fv2%2Fcomments&post=99583"}],"version-history":[{"count":1,"href":"https:\/\/mppee.gob.ve\/index.php?rest_route=\/wp\/v2\/posts\/99583\/revisions"}],"predecessor-version":[{"id":99585,"href":"https:\/\/mppee.gob.ve\/index.php?rest_route=\/wp\/v2\/posts\/99583\/revisions\/99585"}],"wp:featuredmedia":[{"embeddable":true,"href":"https:\/\/mppee.gob.ve\/index.php?rest_route=\/wp\/v2\/media\/99584"}],"wp:attachment":[{"href":"https:\/\/mppee.gob.ve\/index.php?rest_route=%2Fwp%2Fv2%2Fmedia&parent=99583"}],"wp:term":[{"taxonomy":"category","embeddable":true,"href":"https:\/\/mppee.gob.ve\/index.php?rest_route=%2Fwp%2Fv2%2Fcategories&post=99583"},{"taxonomy":"post_tag","embeddable":true,"href":"https:\/\/mppee.gob.ve\/index.php?rest_route=%2Fwp%2Fv2%2Ftags&post=99583"}],"curies":[{"name":"wp","href":"https:\/\/api.w.org\/{rel}","templated":true}]}}