{"id":99626,"date":"2025-08-15T14:39:29","date_gmt":"2025-08-15T14:39:29","guid":{"rendered":"https:\/\/mppee.gob.ve\/?p=99626"},"modified":"2025-08-15T14:39:30","modified_gmt":"2025-08-15T14:39:30","slug":"mirandinos-recibiran-asesoria-personalizada-este-sabado-detalles","status":"publish","type":"post","link":"https:\/\/mppee.gob.ve\/?p=99626","title":{"rendered":"Mirandinos recibir\u00e1n asesor\u00eda personalizada este s\u00e1bado (+Detalles)"},"content":{"rendered":"\n<p><strong>Estado Miranda.-<\/strong> Este s\u00e1bado 16 de agosto, la <a href=\"https:\/\/www.instagram.com\/corpoelecinfo\/\" data-type=\"link\" data-id=\"https:\/\/www.instagram.com\/corpoelecinfo\/\">Corporaci\u00f3n El\u00e9ctrica Nacional (CORPOELEC)<\/a> realizar\u00e1 Jornadas Integrales de Atenci\u00f3n al Usuario en distintos puntos del estado Miranda, como parte de su despliegue territorial para fortalecer el v\u00ednculo directo con la comunidad.<\/p>\n\n\n\n<p>Los asistentes podr\u00e1n realizar actualizaci\u00f3n de datos, consulta de saldo, recibir asesor\u00eda sobre su servicio el\u00e9ctrico y pagar sus facturas a trav\u00e9s de los puntos de venta autorizados, en un horario comprendido entre las 9:00 de la ma\u00f1ana y las 2:00 de la tarde.<\/p>\n\n\n\n<p>Los puntos de atenci\u00f3n estar\u00e1n habilitados en:<\/p>\n\n\n\n<ul class=\"wp-block-list\">\n<li><strong>Municipio Guaicaipuro<\/strong><\/li>\n<\/ul>\n\n\n\n<p>Centro Comercial Libador, planta baja, casco central de Paracotos.<\/p>\n\n\n\n<p>Centro Comercial Luz El\u00e9ctrica, calle Miquil\u00e9n, piso 2.<\/p>\n\n\n\n<p>Avenida V\u00edctor Batista, urbanizaci\u00f3n La Quinta.<\/p>\n\n\n\n<p><\/p>\n\n\n\n<ul class=\"wp-block-list\">\n<li><strong>Municipio Los Salias<\/strong><\/li>\n<\/ul>\n\n\n\n<p> Centro Comercial Galer\u00edas Las Am\u00e9ricas, piso 1, carretera Panamericana, kil\u00f3metro 15.<\/p>\n\n\n\n<p><\/p>\n\n\n\n<ul class=\"wp-block-list\">\n<li><strong>Municipio Zamora<\/strong><\/li>\n<\/ul>\n\n\n\n<p>Calle Principal de El Rodeo, antigua sede de Mercal, Guatire.<\/p>\n\n\n\n<p>Para m\u00e1s informaci\u00f3n sobre las Jornadas Integrales de Atenci\u00f3n al Usuario, puede consultar la cuenta&nbsp;<a href=\"https:\/\/www.instagram.com\/corpoelecinfo\/\">@corpoelecinfo&nbsp;<\/a>en Instagram o visitar la p\u00e1gina<a href=\"https:\/\/www.facebook.com\/Corpoelecinfo\">&nbsp;Corpoelec Informa&nbsp;<\/a>en Facebook.<\/p>\n\n\n\n<p><strong>Prensa MPPEE \u2013 CORPOELEC<\/strong><\/p>\n","protected":false},"excerpt":{"rendered":"<p>Estado Miranda.- Este s\u00e1bado 16 de agosto, la Corporaci\u00f3n El\u00e9ctrica Nacional (CORPOELEC) realizar\u00e1 Jornadas Integrales de Atenci\u00f3n al Usuario en<\/p>\n","protected":false},"author":24,"featured_media":98781,"comment_status":"closed","ping_status":"closed","sticky":false,"template":"","format":"standard","meta":{"footnotes":""},"categories":[30],"tags":[2758,2709,2769],"class_list":["post-99626","post","type-post","status-publish","format-standard","has-post-thumbnail","hentry","category-regionales","tag-atencion","tag-miranda","tag-usuario"],"_links":{"self":[{"href":"https:\/\/mppee.gob.ve\/index.php?rest_route=\/wp\/v2\/posts\/99626","targetHints":{"allow":["GET"]}}],"collection":[{"href":"https:\/\/mppee.gob.ve\/index.php?rest_route=\/wp\/v2\/posts"}],"about":[{"href":"https:\/\/mppee.gob.ve\/index.php?rest_route=\/wp\/v2\/types\/post"}],"author":[{"embeddable":true,"href":"https:\/\/mppee.gob.ve\/index.php?rest_route=\/wp\/v2\/users\/24"}],"replies":[{"embeddable":true,"href":"https:\/\/mppee.gob.ve\/index.php?rest_route=%2Fwp%2Fv2%2Fcomments&post=99626"}],"version-history":[{"count":1,"href":"https:\/\/mppee.gob.ve\/index.php?rest_route=\/wp\/v2\/posts\/99626\/revisions"}],"predecessor-version":[{"id":99627,"href":"https:\/\/mppee.gob.ve\/index.php?rest_route=\/wp\/v2\/posts\/99626\/revisions\/99627"}],"wp:featuredmedia":[{"embeddable":true,"href":"https:\/\/mppee.gob.ve\/index.php?rest_route=\/wp\/v2\/media\/98781"}],"wp:attachment":[{"href":"https:\/\/mppee.gob.ve\/index.php?rest_route=%2Fwp%2Fv2%2Fmedia&parent=99626"}],"wp:term":[{"taxonomy":"category","embeddable":true,"href":"https:\/\/mppee.gob.ve\/index.php?rest_route=%2Fwp%2Fv2%2Fcategories&post=99626"},{"taxonomy":"post_tag","embeddable":true,"href":"https:\/\/mppee.gob.ve\/index.php?rest_route=%2Fwp%2Fv2%2Ftags&post=99626"}],"curies":[{"name":"wp","href":"https:\/\/api.w.org\/{rel}","templated":true}]}}