{"id":99634,"date":"2025-08-15T18:54:16","date_gmt":"2025-08-15T18:54:16","guid":{"rendered":"https:\/\/mppee.gob.ve\/?p=99634"},"modified":"2025-08-15T18:58:11","modified_gmt":"2025-08-15T18:58:11","slug":"corpoelec-efectuara-mantenimientos-este-16-a-en-subestaciones-portuguesenas","status":"publish","type":"post","link":"https:\/\/mppee.gob.ve\/?p=99634","title":{"rendered":"CORPOELEC efectuar\u00e1 mantenimiento en subestaciones portuguese\u00f1as este 16-A"},"content":{"rendered":"\n<p><strong>Estado Portuguesa.- <\/strong>Este s\u00e1bado 16 de agosto, la <a href=\"https:\/\/www.instagram.com\/corpoelecinfo\/\" data-type=\"link\" data-id=\"https:\/\/www.instagram.com\/corpoelecinfo\/\">Corporaci\u00f3n El\u00e9ctrica Nacional (CORPOELEC) <\/a>efectuar\u00e1 mejoras en las subestaciones Tur\u00e9n I y II y El Play\u00f3n del estado Portuguesa.<\/p>\n\n\n\n<p>Los trabajos programados para optimizar los sistemas de transmisi\u00f3n y distribuci\u00f3n en las parroquias Villa Bruzual Urbana, Villa Bruzual Rural, Santa Cruz, San Isidro Labrador, Florida, El Play\u00f3n y Uveral, se realizar\u00e1n desde las 06:00 de la ma\u00f1ana hasta las 12:00 del mediod\u00eda.<\/p>\n\n\n\n<p>Estas maniobras contempladas en los planes de mantenimiento que impulsa el Ministerio del Poder Popular para la Energ\u00eda El\u00e9ctrica (MPPEE), permiten avanzar en el fortalecimiento de este servicio p\u00fablico en los municipios Tur\u00e9n, Santa Rosal\u00eda, y Esteller.<\/p>\n\n\n\n<p><strong>Prensa MPPEE &#8211; CORPOELEC<\/strong><\/p>\n","protected":false},"excerpt":{"rendered":"<p>Estado Portuguesa.- Este s\u00e1bado 16 de agosto, la Corporaci\u00f3n El\u00e9ctrica Nacional (CORPOELEC) efectuar\u00e1 mejoras en las subestaciones Tur\u00e9n I y<\/p>\n","protected":false},"author":24,"featured_media":99635,"comment_status":"closed","ping_status":"closed","sticky":false,"template":"","format":"standard","meta":{"footnotes":""},"categories":[30],"tags":[3247,2704,2725,3246],"class_list":["post-99634","post","type-post","status-publish","format-standard","has-post-thumbnail","hentry","category-regionales","tag-el-playon","tag-mantenimiento","tag-portuguesa","tag-turen-i"],"_links":{"self":[{"href":"https:\/\/mppee.gob.ve\/index.php?rest_route=\/wp\/v2\/posts\/99634","targetHints":{"allow":["GET"]}}],"collection":[{"href":"https:\/\/mppee.gob.ve\/index.php?rest_route=\/wp\/v2\/posts"}],"about":[{"href":"https:\/\/mppee.gob.ve\/index.php?rest_route=\/wp\/v2\/types\/post"}],"author":[{"embeddable":true,"href":"https:\/\/mppee.gob.ve\/index.php?rest_route=\/wp\/v2\/users\/24"}],"replies":[{"embeddable":true,"href":"https:\/\/mppee.gob.ve\/index.php?rest_route=%2Fwp%2Fv2%2Fcomments&post=99634"}],"version-history":[{"count":2,"href":"https:\/\/mppee.gob.ve\/index.php?rest_route=\/wp\/v2\/posts\/99634\/revisions"}],"predecessor-version":[{"id":99638,"href":"https:\/\/mppee.gob.ve\/index.php?rest_route=\/wp\/v2\/posts\/99634\/revisions\/99638"}],"wp:featuredmedia":[{"embeddable":true,"href":"https:\/\/mppee.gob.ve\/index.php?rest_route=\/wp\/v2\/media\/99635"}],"wp:attachment":[{"href":"https:\/\/mppee.gob.ve\/index.php?rest_route=%2Fwp%2Fv2%2Fmedia&parent=99634"}],"wp:term":[{"taxonomy":"category","embeddable":true,"href":"https:\/\/mppee.gob.ve\/index.php?rest_route=%2Fwp%2Fv2%2Fcategories&post=99634"},{"taxonomy":"post_tag","embeddable":true,"href":"https:\/\/mppee.gob.ve\/index.php?rest_route=%2Fwp%2Fv2%2Ftags&post=99634"}],"curies":[{"name":"wp","href":"https:\/\/api.w.org\/{rel}","templated":true}]}}