{"id":99639,"date":"2025-08-15T21:32:26","date_gmt":"2025-08-15T21:32:26","guid":{"rendered":"https:\/\/mppee.gob.ve\/?p=99639"},"modified":"2025-08-15T21:32:27","modified_gmt":"2025-08-15T21:32:27","slug":"desplegaran-atencion-integral-en-san-felipe-este-sabado","status":"publish","type":"post","link":"https:\/\/mppee.gob.ve\/?p=99639","title":{"rendered":"Desplegar\u00e1n atenci\u00f3n integral en San Felipe este s\u00e1bado"},"content":{"rendered":"\n<p><strong>Estado Yaracuy.- <\/strong>La <a href=\"https:\/\/www.instagram.com\/corpoelecinfo\/\" data-type=\"link\" data-id=\"https:\/\/www.instagram.com\/corpoelecinfo\/\">Corporaci\u00f3n El\u00e9ctrica Nacional (CORPOELEC)<\/a> desplegar\u00e1 este s\u00e1bado a sus agentes comerciales para asistir a los usuarios y usuarias del municipio San Felipe del estado Yaracuy.<\/p>\n\n\n\n<p>Los asistentes podr\u00e1n realizar actualizaci\u00f3n de datos, consulta de saldo, recibir asesor\u00eda sobre su servicio el\u00e9ctrico y pagar sus facturas a trav\u00e9s de los puntos de venta autorizados.<\/p>\n\n\n\n<p>El punto de atenci\u00f3n estar\u00e1 ubicado en el Urbanismo \u00abCiudadela Hugo Ch\u00e1vez Fr\u00edas\u00bb en horario comprendido entre las 8:00 de la ma\u00f1ana y las 2:00 de la tarde.<\/p>\n\n\n\n<p>Para m\u00e1s informaci\u00f3n sobre las Jornadas Integrales de Atenci\u00f3n al Usuario, puede consultar la cuenta&nbsp;<a href=\"https:\/\/www.instagram.com\/corpoelecinfo\/\">@corpoelecinfo&nbsp;<\/a>en Instagram o visitar la p\u00e1gina<a href=\"https:\/\/www.facebook.com\/Corpoelecinfo\">&nbsp;Corpoelec Informa&nbsp;<\/a>en Facebook.<\/p>\n\n\n\n<p><strong>Prensa MPPEE \u2013 CORPOELEC<\/strong><\/p>\n\n\n\n<p><\/p>\n","protected":false},"excerpt":{"rendered":"<p>Estado Yaracuy.- La Corporaci\u00f3n El\u00e9ctrica Nacional (CORPOELEC) desplegar\u00e1 este s\u00e1bado a sus agentes comerciales para asistir a los usuarios y<\/p>\n","protected":false},"author":24,"featured_media":98309,"comment_status":"closed","ping_status":"closed","sticky":false,"template":"","format":"standard","meta":{"footnotes":""},"categories":[30],"tags":[2758,2769,2726],"class_list":["post-99639","post","type-post","status-publish","format-standard","has-post-thumbnail","hentry","category-regionales","tag-atencion","tag-usuario","tag-yaracuy"],"_links":{"self":[{"href":"https:\/\/mppee.gob.ve\/index.php?rest_route=\/wp\/v2\/posts\/99639","targetHints":{"allow":["GET"]}}],"collection":[{"href":"https:\/\/mppee.gob.ve\/index.php?rest_route=\/wp\/v2\/posts"}],"about":[{"href":"https:\/\/mppee.gob.ve\/index.php?rest_route=\/wp\/v2\/types\/post"}],"author":[{"embeddable":true,"href":"https:\/\/mppee.gob.ve\/index.php?rest_route=\/wp\/v2\/users\/24"}],"replies":[{"embeddable":true,"href":"https:\/\/mppee.gob.ve\/index.php?rest_route=%2Fwp%2Fv2%2Fcomments&post=99639"}],"version-history":[{"count":1,"href":"https:\/\/mppee.gob.ve\/index.php?rest_route=\/wp\/v2\/posts\/99639\/revisions"}],"predecessor-version":[{"id":99640,"href":"https:\/\/mppee.gob.ve\/index.php?rest_route=\/wp\/v2\/posts\/99639\/revisions\/99640"}],"wp:featuredmedia":[{"embeddable":true,"href":"https:\/\/mppee.gob.ve\/index.php?rest_route=\/wp\/v2\/media\/98309"}],"wp:attachment":[{"href":"https:\/\/mppee.gob.ve\/index.php?rest_route=%2Fwp%2Fv2%2Fmedia&parent=99639"}],"wp:term":[{"taxonomy":"category","embeddable":true,"href":"https:\/\/mppee.gob.ve\/index.php?rest_route=%2Fwp%2Fv2%2Fcategories&post=99639"},{"taxonomy":"post_tag","embeddable":true,"href":"https:\/\/mppee.gob.ve\/index.php?rest_route=%2Fwp%2Fv2%2Ftags&post=99639"}],"curies":[{"name":"wp","href":"https:\/\/api.w.org\/{rel}","templated":true}]}}