{"id":99641,"date":"2025-08-15T21:50:52","date_gmt":"2025-08-15T21:50:52","guid":{"rendered":"https:\/\/mppee.gob.ve\/?p=99641"},"modified":"2025-08-15T21:50:53","modified_gmt":"2025-08-15T21:50:53","slug":"corpoelec-atendera-a-usuarios-de-11-municipios-anzoatiguenses","status":"publish","type":"post","link":"https:\/\/mppee.gob.ve\/?p=99641","title":{"rendered":"CORPOELEC atender\u00e1 a usuarios de 11 municipios anzoatiguenses"},"content":{"rendered":"\n<p><strong>Estado Anzo\u00e1tegui.-<\/strong> Este s\u00e1bado 16 de agosto, la <a href=\"https:\/\/www.instagram.com\/corpoelecinfo\/\" data-type=\"link\" data-id=\"https:\/\/www.instagram.com\/corpoelecinfo\/\">Corporaci\u00f3n El\u00e9ctrica Nacional (CORPOELEC) <\/a>brindar\u00e1 asesor\u00eda en las principales calles y avenidas de 11 municipios del estado Anzo\u00e1tegui, con el objetivo de facilitar el pago oportuno del servicio el\u00e9ctrico.<\/p>\n\n\n\n<p>Los agentes comerciales se desplegar\u00e1n en distintos puntos para ofrecer servicios como actualizaci\u00f3n de datos, pago de facturas y notificaci\u00f3n de deudas, en horario comprendido entre las 8:00 de la ma\u00f1ana y la 1:00 de la tarde.<\/p>\n\n\n\n<p>Los puntos de atenci\u00f3n estar\u00e1n ubicados en:<\/p>\n\n\n\n<ul class=\"wp-block-list\">\n<li><strong>Municipio Sim\u00f3n Rodr\u00edguez<\/strong>\n<ul class=\"wp-block-list\">\n<li>Centro Integral de Atenci\u00f3n al Usuario El Tigre (Av. Francisco de Miranda).<\/li>\n\n\n\n<li>Stand en el C.C. San Remo Mall.<\/li>\n\n\n\n<li>Urb. Santa B\u00e1rbara, Santa Esmeralda, Altos de San Remo y El Country.<\/li>\n<\/ul>\n<\/li>\n<\/ul>\n\n\n\n<p><\/p>\n\n\n\n<ul class=\"wp-block-list\">\n<li><strong>Municipio San Jos\u00e9 de Guanipa<\/strong>\n<ul class=\"wp-block-list\">\n<li>CIAU El Tigrito (calle San Mateo entre Trujillo y Urdaneta).<\/li>\n\n\n\n<li>Urb. La California.<\/li>\n<\/ul>\n<\/li>\n<\/ul>\n\n\n\n<p><\/p>\n\n\n\n<ul class=\"wp-block-list\">\n<li><strong>Municipio Anaco<\/strong>\n<ul class=\"wp-block-list\">\n<li>CIAU Anaco (sector Las Charas).<\/li>\n\n\n\n<li>Urb. Agua Clara.<\/li>\n<\/ul>\n<\/li>\n<\/ul>\n\n\n\n<p><\/p>\n\n\n\n<ul class=\"wp-block-list\">\n<li><strong>Municipio Sim\u00f3n Bol\u00edvar<\/strong>\n<ul class=\"wp-block-list\">\n<li>CIAU Barcelona I (Av. Cajigal).<\/li>\n\n\n\n<li>CIAU Barcelona II (Av. Jorge Rodr\u00edguez).<\/li>\n\n\n\n<li>Urb. El Remanso y Altamira.<\/li>\n<\/ul>\n<\/li>\n<\/ul>\n\n\n\n<p><\/p>\n\n\n\n<ul class=\"wp-block-list\">\n<li><strong>Municipio Diego Bautista Urbaneja<\/strong>\n<ul class=\"wp-block-list\">\n<li>Urb. Vista Mar.<\/li>\n<\/ul>\n<\/li>\n<\/ul>\n\n\n\n<p><\/p>\n\n\n\n<ul class=\"wp-block-list\">\n<li><strong>Municipio Juan Antonio Sotillo<\/strong>\n<ul class=\"wp-block-list\">\n<li>CIAU en C.C. Plaza Mar (Av. Municipal).<\/li>\n\n\n\n<li>Residencias Los Olivos.<\/li>\n<\/ul>\n<\/li>\n<\/ul>\n\n\n\n<p><\/p>\n\n\n\n<ul class=\"wp-block-list\">\n<li><strong>Municipio P\u00edritu<\/strong>\n<ul class=\"wp-block-list\">\n<li>CIAU en C.C. San Jorge (Casco Central de Puerto P\u00edritu).<\/li>\n\n\n\n<li>Urb. Agua Miel.<\/li>\n<\/ul>\n<\/li>\n<\/ul>\n\n\n\n<p><\/p>\n\n\n\n<ul class=\"wp-block-list\">\n<li><strong>Municipio Francisco de Miranda (Pariagu\u00e1n)<\/strong>\n<ul class=\"wp-block-list\">\n<li>CIAU en calle Piar.<\/li>\n<\/ul>\n<\/li>\n<\/ul>\n\n\n\n<p><\/p>\n\n\n\n<ul class=\"wp-block-list\">\n<li><strong>Municipio Aragua de Barcelona<\/strong>\n<ul class=\"wp-block-list\">\n<li>CIAU en calle Bol\u00edvar.<\/li>\n<\/ul>\n<\/li>\n<\/ul>\n\n\n\n<p><\/p>\n\n\n\n<ul class=\"wp-block-list\">\n<li><strong>Municipio Freites (Cantaura)<\/strong>\n<ul class=\"wp-block-list\">\n<li>CIAU en Casco Central, calle Girardot entre Av. Bol\u00edvar y Freites.<\/li>\n<\/ul>\n<\/li>\n<\/ul>\n\n\n\n<p><\/p>\n\n\n\n<ul class=\"wp-block-list\">\n<li><strong>Municipio Bruzual (Clarines)<\/strong><\/li>\n\n\n\n<li>CIAU en calle Sucre, cruce con calle Tom\u00e1s Fern\u00e1ndez.<\/li>\n<\/ul>\n\n\n\n<p>Para m\u00e1s informaci\u00f3n sobre las Jornadas Integrales de Atenci\u00f3n al Usuario, puede consultar la cuenta&nbsp;<a href=\"https:\/\/www.instagram.com\/corpoelecinfo\/\">@corpoelecinfo&nbsp;<\/a>en Instagram o visitar la p\u00e1gina<a href=\"https:\/\/www.facebook.com\/Corpoelecinfo\">&nbsp;Corpoelec Informa&nbsp;<\/a>en Facebook.<\/p>\n\n\n\n<p><strong>Prensa MPPEE \u2013 CORPOELEC<\/strong><\/p>\n","protected":false},"excerpt":{"rendered":"<p>Estado Anzo\u00e1tegui.- Este s\u00e1bado 16 de agosto, la Corporaci\u00f3n El\u00e9ctrica Nacional (CORPOELEC) brindar\u00e1 asesor\u00eda en las principales calles y avenidas<\/p>\n","protected":false},"author":24,"featured_media":98317,"comment_status":"closed","ping_status":"closed","sticky":false,"template":"","format":"standard","meta":{"footnotes":""},"categories":[30],"tags":[2706,2758,2691,2769],"class_list":["post-99641","post","type-post","status-publish","format-standard","has-post-thumbnail","hentry","category-regionales","tag-anzoategui","tag-atencion","tag-corpoelec","tag-usuario"],"_links":{"self":[{"href":"https:\/\/mppee.gob.ve\/index.php?rest_route=\/wp\/v2\/posts\/99641","targetHints":{"allow":["GET"]}}],"collection":[{"href":"https:\/\/mppee.gob.ve\/index.php?rest_route=\/wp\/v2\/posts"}],"about":[{"href":"https:\/\/mppee.gob.ve\/index.php?rest_route=\/wp\/v2\/types\/post"}],"author":[{"embeddable":true,"href":"https:\/\/mppee.gob.ve\/index.php?rest_route=\/wp\/v2\/users\/24"}],"replies":[{"embeddable":true,"href":"https:\/\/mppee.gob.ve\/index.php?rest_route=%2Fwp%2Fv2%2Fcomments&post=99641"}],"version-history":[{"count":2,"href":"https:\/\/mppee.gob.ve\/index.php?rest_route=\/wp\/v2\/posts\/99641\/revisions"}],"predecessor-version":[{"id":99643,"href":"https:\/\/mppee.gob.ve\/index.php?rest_route=\/wp\/v2\/posts\/99641\/revisions\/99643"}],"wp:featuredmedia":[{"embeddable":true,"href":"https:\/\/mppee.gob.ve\/index.php?rest_route=\/wp\/v2\/media\/98317"}],"wp:attachment":[{"href":"https:\/\/mppee.gob.ve\/index.php?rest_route=%2Fwp%2Fv2%2Fmedia&parent=99641"}],"wp:term":[{"taxonomy":"category","embeddable":true,"href":"https:\/\/mppee.gob.ve\/index.php?rest_route=%2Fwp%2Fv2%2Fcategories&post=99641"},{"taxonomy":"post_tag","embeddable":true,"href":"https:\/\/mppee.gob.ve\/index.php?rest_route=%2Fwp%2Fv2%2Ftags&post=99641"}],"curies":[{"name":"wp","href":"https:\/\/api.w.org\/{rel}","templated":true}]}}