{"id":99644,"date":"2025-08-16T13:54:58","date_gmt":"2025-08-16T13:54:58","guid":{"rendered":"https:\/\/mppee.gob.ve\/?p=99644"},"modified":"2025-08-16T13:55:24","modified_gmt":"2025-08-16T13:55:24","slug":"comite-tecnico-revisa-avances-de-estrategias-para-optimizar-el-sen","status":"publish","type":"post","link":"https:\/\/mppee.gob.ve\/?p=99644","title":{"rendered":"Comit\u00e9 T\u00e9cnico revisa avances de estrategias para optimizar el SEN"},"content":{"rendered":"\n<p><strong>San Bernardino, Caracas.- <\/strong>En el sal\u00f3n Hugo Ch\u00e1vez de la sede del <a href=\"https:\/\/www.instagram.com\/minenergia_ve\/\" data-type=\"link\" data-id=\"https:\/\/www.instagram.com\/minenergia_ve\/\">Ministerio del Poder Popular para la Energ\u00eda El\u00e9ctrica<\/a>, en Caracas, se desarrolla una nueva sesi\u00f3n de trabajo del Comit\u00e9 T\u00e9cnico de An\u00e1lisis y Toma de Decisiones de la <a href=\"https:\/\/www.instagram.com\/corpoelecinfo\/\" data-type=\"link\" data-id=\"https:\/\/www.instagram.com\/corpoelecinfo\/\">Corporaci\u00f3n El\u00e9ctrica Nacional (CORPOELEC)<\/a>, cuyo prop\u00f3sito es examinar los avances de los planes de acci\u00f3n implementados para el Sistema El\u00e9ctrico Nacional (SEN).<\/p>\n\n\n\n<p>La jornada, liderada por el ministro del Poder Popular para la Energ\u00eda El\u00e9ctrica, Jorge M\u00e1rquez, se enfoca en ajustar las estrategias necesarias para consolidar mejoras continuas en la prestaci\u00f3n del servicio el\u00e9ctrico, garantizando su confiabilidad para la poblaci\u00f3n venezolana.<\/p>\n\n\n\n<p>Este mecanismo de seguimiento peri\u00f3dico busca fortalecer la capacidad operativa del SEN, en sinton\u00eda con los objetivos establecidos en la <a href=\"https:\/\/mppee.gob.ve\/?p=94102\" data-type=\"link\" data-id=\"https:\/\/mppee.gob.ve\/?p=94102\">2T: Ciudad Humana para el Buen Vivir, Servicios P\u00fablicos e Infraestructura<\/a>, impulsada por el presidente de la Rep\u00fablica, <a href=\"https:\/\/t.me\/s\/NicolasMaduroMoros\" data-type=\"link\" data-id=\"https:\/\/t.me\/s\/NicolasMaduroMoros\">Nicol\u00e1s Maduro Moros.<\/a><\/p>\n\n\n\n<p><strong>Prensa MPPEE &#8211; CORPOELEC<\/strong><\/p>\n","protected":false},"excerpt":{"rendered":"<p>San Bernardino, Caracas.- En el sal\u00f3n Hugo Ch\u00e1vez de la sede del Ministerio del Poder Popular para la Energ\u00eda El\u00e9ctrica,<\/p>\n","protected":false},"author":24,"featured_media":99645,"comment_status":"closed","ping_status":"closed","sticky":false,"template":"","format":"standard","meta":{"footnotes":""},"categories":[15],"tags":[2997,2691,3248,2744],"class_list":["post-99644","post","type-post","status-publish","format-standard","has-post-thumbnail","hentry","category-nacionales","tag-comite-tecnico-de-analisis-y-toma-de-decisiones","tag-corpoelec","tag-hugo-chavez","tag-sen"],"_links":{"self":[{"href":"https:\/\/mppee.gob.ve\/index.php?rest_route=\/wp\/v2\/posts\/99644","targetHints":{"allow":["GET"]}}],"collection":[{"href":"https:\/\/mppee.gob.ve\/index.php?rest_route=\/wp\/v2\/posts"}],"about":[{"href":"https:\/\/mppee.gob.ve\/index.php?rest_route=\/wp\/v2\/types\/post"}],"author":[{"embeddable":true,"href":"https:\/\/mppee.gob.ve\/index.php?rest_route=\/wp\/v2\/users\/24"}],"replies":[{"embeddable":true,"href":"https:\/\/mppee.gob.ve\/index.php?rest_route=%2Fwp%2Fv2%2Fcomments&post=99644"}],"version-history":[{"count":1,"href":"https:\/\/mppee.gob.ve\/index.php?rest_route=\/wp\/v2\/posts\/99644\/revisions"}],"predecessor-version":[{"id":99646,"href":"https:\/\/mppee.gob.ve\/index.php?rest_route=\/wp\/v2\/posts\/99644\/revisions\/99646"}],"wp:featuredmedia":[{"embeddable":true,"href":"https:\/\/mppee.gob.ve\/index.php?rest_route=\/wp\/v2\/media\/99645"}],"wp:attachment":[{"href":"https:\/\/mppee.gob.ve\/index.php?rest_route=%2Fwp%2Fv2%2Fmedia&parent=99644"}],"wp:term":[{"taxonomy":"category","embeddable":true,"href":"https:\/\/mppee.gob.ve\/index.php?rest_route=%2Fwp%2Fv2%2Fcategories&post=99644"},{"taxonomy":"post_tag","embeddable":true,"href":"https:\/\/mppee.gob.ve\/index.php?rest_route=%2Fwp%2Fv2%2Ftags&post=99644"}],"curies":[{"name":"wp","href":"https:\/\/api.w.org\/{rel}","templated":true}]}}