{"id":99679,"date":"2025-08-19T13:43:44","date_gmt":"2025-08-19T13:43:44","guid":{"rendered":"https:\/\/mppee.gob.ve\/?p=99679"},"modified":"2025-08-19T13:43:45","modified_gmt":"2025-08-19T13:43:45","slug":"trujillanos-recibiran-atencion-personalizada-hasta-el-23-a","status":"publish","type":"post","link":"https:\/\/mppee.gob.ve\/?p=99679","title":{"rendered":"Trujillanos recibir\u00e1n atenci\u00f3n personalizada hasta el 23-A"},"content":{"rendered":"\n<p><strong>Estado Trujillo.-<\/strong> La<a href=\"https:\/\/www.instagram.com\/corpoelecinfo\/\" data-type=\"link\" data-id=\"https:\/\/www.instagram.com\/corpoelecinfo\/\"> Corporaci\u00f3n El\u00e9ctrica Nacional (CORPOELEC) <\/a>se desplegar\u00e1 desde el martes 19 hasta el s\u00e1bado 23 de agosto en diversas localidades del estado Trujillo, con el objetivo de brindar atenci\u00f3n directa a usuarios comerciales y residenciales.<\/p>\n\n\n\n<p>Durante las jornadas, los ciudadanos podr\u00e1n realizar el pago de sus facturas, actualizar datos, recibir asesor\u00eda personalizada y canalizar inquietudes relacionadas con el servicio el\u00e9ctrico. La atenci\u00f3n se ofrecer\u00e1 en horario comprendido entre las 9:00 de la ma\u00f1ana y las 4:00 de la tarde.<\/p>\n\n\n\n<p>Los agentes comerciales estar\u00e1n presentes en los siguientes sectores:<\/p>\n\n\n\n<p>\u2022 \u00a0\u00a0\u00a0\u00a0\u00a0\u00a0\u00a0 Juan Ignacio Montilla, Mercedes D\u00edaz, Timotes, San Rafael de Carvajal, Escuque, Matriz, Pamp\u00e1n, Carache, Bocon\u00f3, R\u00f3mulo Gallegos, Valmore Rodr\u00edguez y La Pueblita.<\/p>\n\n\n\n<p>\u2022 \u00a0\u00a0\u00a0\u00a0\u00a0Antonio Nicol\u00e1s Brice\u00f1o, Cruz Carrillo, Flor de Patria, Cuicas, Tucan\u00ed, Sabana de Mendoza.<\/p>\n\n\n\n<p>\u2022 \u00a0\u00a0\u00a0\u00a0\u00a0\u00a0\u00a0 Sabana Libre, Monse\u00f1or Carrillo, El Carmen, Jos\u00e9 Gregorio Hern\u00e1ndez, La Concepci\u00f3n, Santa Cruz, Arapuey y Monay.<\/p>\n\n\n\n<p>Para m\u00e1s informaci\u00f3n sobre las Jornadas Integrales de Atenci\u00f3n al Usuario, puede consultar la cuenta\u00a0<a href=\"https:\/\/www.instagram.com\/corpoelecinfo\/\">@corpoelecinfo\u00a0<\/a>en Instagram o visitar la p\u00e1gina<a href=\"https:\/\/www.facebook.com\/Corpoelecinfo\">\u00a0Corpoelec Informa\u00a0<\/a>en Facebook.<\/p>\n\n\n\n<ul class=\"wp-block-list\">\n<li><a href=\"https:\/\/mppee.gob.ve\/?p=91910\">Corpoelec ofrece atenci\u00f3n de calidad a usuarios en 11 CIAU de Trujillo<\/a><\/li>\n<\/ul>\n\n\n\n<p><strong>Prensa MPPEE &#8211; CORPOELEC<\/strong><\/p>\n\n\n\n<p><\/p>\n","protected":false},"excerpt":{"rendered":"<p>Estado Trujillo.- La Corporaci\u00f3n El\u00e9ctrica Nacional (CORPOELEC) se desplegar\u00e1 desde el martes 19 hasta el s\u00e1bado 23 de agosto en<\/p>\n","protected":false},"author":24,"featured_media":98250,"comment_status":"closed","ping_status":"closed","sticky":false,"template":"","format":"standard","meta":{"footnotes":""},"categories":[30],"tags":[2758,2702,2769],"class_list":["post-99679","post","type-post","status-publish","format-standard","has-post-thumbnail","hentry","category-regionales","tag-atencion","tag-trujillo","tag-usuario"],"_links":{"self":[{"href":"https:\/\/mppee.gob.ve\/index.php?rest_route=\/wp\/v2\/posts\/99679","targetHints":{"allow":["GET"]}}],"collection":[{"href":"https:\/\/mppee.gob.ve\/index.php?rest_route=\/wp\/v2\/posts"}],"about":[{"href":"https:\/\/mppee.gob.ve\/index.php?rest_route=\/wp\/v2\/types\/post"}],"author":[{"embeddable":true,"href":"https:\/\/mppee.gob.ve\/index.php?rest_route=\/wp\/v2\/users\/24"}],"replies":[{"embeddable":true,"href":"https:\/\/mppee.gob.ve\/index.php?rest_route=%2Fwp%2Fv2%2Fcomments&post=99679"}],"version-history":[{"count":1,"href":"https:\/\/mppee.gob.ve\/index.php?rest_route=\/wp\/v2\/posts\/99679\/revisions"}],"predecessor-version":[{"id":99681,"href":"https:\/\/mppee.gob.ve\/index.php?rest_route=\/wp\/v2\/posts\/99679\/revisions\/99681"}],"wp:featuredmedia":[{"embeddable":true,"href":"https:\/\/mppee.gob.ve\/index.php?rest_route=\/wp\/v2\/media\/98250"}],"wp:attachment":[{"href":"https:\/\/mppee.gob.ve\/index.php?rest_route=%2Fwp%2Fv2%2Fmedia&parent=99679"}],"wp:term":[{"taxonomy":"category","embeddable":true,"href":"https:\/\/mppee.gob.ve\/index.php?rest_route=%2Fwp%2Fv2%2Fcategories&post=99679"},{"taxonomy":"post_tag","embeddable":true,"href":"https:\/\/mppee.gob.ve\/index.php?rest_route=%2Fwp%2Fv2%2Ftags&post=99679"}],"curies":[{"name":"wp","href":"https:\/\/api.w.org\/{rel}","templated":true}]}}