{"id":99693,"date":"2025-08-19T20:00:57","date_gmt":"2025-08-19T20:00:57","guid":{"rendered":"https:\/\/mppee.gob.ve\/?p=99693"},"modified":"2025-08-19T20:00:58","modified_gmt":"2025-08-19T20:00:58","slug":"usuarios-de-puerta-del-llano-recibiran-asesoria-este-20-a","status":"publish","type":"post","link":"https:\/\/mppee.gob.ve\/?p=99693","title":{"rendered":"Usuarios de Puerta del Llano recibir\u00e1n asesor\u00eda este 20-A"},"content":{"rendered":"\n<p><strong>Estado Barinas.- <\/strong>Este mi\u00e9rcoles 20 de agosto, la <a href=\"https:\/\/www.instagram.com\/corpoelecinfo\/\" data-type=\"link\" data-id=\"https:\/\/www.instagram.com\/corpoelecinfo\/\">Corporaci\u00f3n El\u00e9ctrica Nacional (CORPOELEC) <\/a>desplegar\u00e1 una Jornada Integral de Atenci\u00f3n al Usuario en la Urbanizaci\u00f3n Puerta del Llano, parroquia Alto Barinas, desde las 8:30 de la ma\u00f1ana hasta las 3:30 de la tarde.<\/p>\n\n\n\n<p>Los usuarios podr\u00e1n formalizar contratos de servicio el\u00e9ctrico presentando c\u00e9dula de identidad, correo electr\u00f3nico, n\u00famero telef\u00f3nico y documento de propiedad o constancia de residencia.<\/p>\n\n\n\n<p>Adem\u00e1s, los agentes comerciales estar\u00e1n disponibles para realizar actualizaciones de datos, gestionar pagos de facturas, emitir notificaciones de deuda y brindar orientaci\u00f3n sobre tr\u00e1mites vinculados al servicio el\u00e9ctrico.<\/p>\n\n\n\n<p>Para m\u00e1s informaci\u00f3n sobre las Jornadas Integrales de Atenci\u00f3n al Usuario, puede consultar la cuenta&nbsp;<a href=\"https:\/\/www.instagram.com\/corpoelecinfo\/\">@corpoelecinfo&nbsp;<\/a>en Instagram o visitar la p\u00e1gina<a href=\"https:\/\/www.facebook.com\/Corpoelecinfo\">&nbsp;Corpoelec Informa&nbsp;<\/a>en Facebook.<\/p>\n\n\n\n<ul class=\"wp-block-list\">\n<li><a href=\"https:\/\/mppee.gob.ve\/?p=91712\">En Barinas: CIAU responden inquietudes de usuarios<\/a><\/li>\n<\/ul>\n\n\n\n<p><strong>Prensa MPPEE \u2013 CORPOELEC<\/strong><\/p>\n\n\n\n<p><\/p>\n","protected":false},"excerpt":{"rendered":"<p>Estado Barinas.- Este mi\u00e9rcoles 20 de agosto, la Corporaci\u00f3n El\u00e9ctrica Nacional (CORPOELEC) desplegar\u00e1 una Jornada Integral de Atenci\u00f3n al Usuario<\/p>\n","protected":false},"author":24,"featured_media":98781,"comment_status":"closed","ping_status":"closed","sticky":false,"template":"","format":"standard","meta":{"footnotes":""},"categories":[30],"tags":[2758,2698,2691,2769],"class_list":["post-99693","post","type-post","status-publish","format-standard","has-post-thumbnail","hentry","category-regionales","tag-atencion","tag-barinas","tag-corpoelec","tag-usuario"],"_links":{"self":[{"href":"https:\/\/mppee.gob.ve\/index.php?rest_route=\/wp\/v2\/posts\/99693","targetHints":{"allow":["GET"]}}],"collection":[{"href":"https:\/\/mppee.gob.ve\/index.php?rest_route=\/wp\/v2\/posts"}],"about":[{"href":"https:\/\/mppee.gob.ve\/index.php?rest_route=\/wp\/v2\/types\/post"}],"author":[{"embeddable":true,"href":"https:\/\/mppee.gob.ve\/index.php?rest_route=\/wp\/v2\/users\/24"}],"replies":[{"embeddable":true,"href":"https:\/\/mppee.gob.ve\/index.php?rest_route=%2Fwp%2Fv2%2Fcomments&post=99693"}],"version-history":[{"count":1,"href":"https:\/\/mppee.gob.ve\/index.php?rest_route=\/wp\/v2\/posts\/99693\/revisions"}],"predecessor-version":[{"id":99694,"href":"https:\/\/mppee.gob.ve\/index.php?rest_route=\/wp\/v2\/posts\/99693\/revisions\/99694"}],"wp:featuredmedia":[{"embeddable":true,"href":"https:\/\/mppee.gob.ve\/index.php?rest_route=\/wp\/v2\/media\/98781"}],"wp:attachment":[{"href":"https:\/\/mppee.gob.ve\/index.php?rest_route=%2Fwp%2Fv2%2Fmedia&parent=99693"}],"wp:term":[{"taxonomy":"category","embeddable":true,"href":"https:\/\/mppee.gob.ve\/index.php?rest_route=%2Fwp%2Fv2%2Fcategories&post=99693"},{"taxonomy":"post_tag","embeddable":true,"href":"https:\/\/mppee.gob.ve\/index.php?rest_route=%2Fwp%2Fv2%2Ftags&post=99693"}],"curies":[{"name":"wp","href":"https:\/\/api.w.org\/{rel}","templated":true}]}}