{"id":99762,"date":"2025-08-20T18:23:30","date_gmt":"2025-08-20T18:23:30","guid":{"rendered":"https:\/\/mppee.gob.ve\/?p=99762"},"modified":"2025-08-20T18:23:31","modified_gmt":"2025-08-20T18:23:31","slug":"apurenos-recibiran-atencion-personalizada-hasta-el-23-a","status":"publish","type":"post","link":"https:\/\/mppee.gob.ve\/?p=99762","title":{"rendered":"Apure\u00f1os recibir\u00e1n atenci\u00f3n personalizada hasta el 23-A"},"content":{"rendered":"\n<p><strong>Estado Apure.-<\/strong> Desde el jueves 21 hasta el s\u00e1bado 23 de agosto, la <a href=\"https:\/\/www.instagram.com\/corpoelecinfo\/\" data-type=\"link\" data-id=\"https:\/\/www.instagram.com\/corpoelecinfo\/\">Corporaci\u00f3n El\u00e9ctrica Nacional (CORPOELEC)<\/a> desplegar\u00e1 Jornadas Integrales de Atenci\u00f3n al Usuario en seis municipios del estado Apure, con el objetivo de ofrecer asistencia directa a usuarios comerciales y residenciales.<\/p>\n\n\n\n<p>Los usuarios podr\u00e1n realizar el pago de facturas, actualizar datos, recibir asesor\u00eda personalizada y canalizar inquietudes relacionadas con el servicio el\u00e9ctrico, en horario comprendido entre las 9:00 de la ma\u00f1ana y 2:00 de la tarde.<\/p>\n\n\n\n<p>Los puntos de atenci\u00f3n estar\u00e1n ubicados en:<\/p>\n\n\n\n<ul class=\"wp-block-list\">\n<li><strong>Municipio San Fernando<\/strong><\/li>\n<\/ul>\n\n\n\n<p>Sectores San Luis, Ra\u00fal Leoni, Jos\u00e9 F\u00e9lix Ribas, El Tamarindo, Las Maravillas y Tom\u00e1s Las Flecheras, parroquia San Fernando.<\/p>\n\n\n\n<ul class=\"wp-block-list\">\n<li><strong>Municipio Biruaca<\/strong><\/li>\n<\/ul>\n\n\n\n<p>Casco central, parroquia Biruaca.<\/p>\n\n\n\n<ul class=\"wp-block-list\">\n<li><strong>Municipio Achaguas<\/strong><\/li>\n<\/ul>\n\n\n\n<p>&nbsp;Calles transversales Boyac\u00e1, A. Montenegro, Bol\u00edvar y Urdaneta, parroquia Achaguas.<\/p>\n\n\n\n<ul class=\"wp-block-list\">\n<li><strong>Municipio Mu\u00f1oz<\/strong><\/li>\n<\/ul>\n\n\n\n<p>Sectores Never\u00ed, Aeropuerto y avenida Libertador, parroquia Mantecal.<\/p>\n\n\n\n<ul class=\"wp-block-list\">\n<li><strong>Municipio R\u00f3mulo Gallegos<\/strong><\/li>\n<\/ul>\n\n\n\n<p>Calle El Cubiro, sector Trinidad de Orichuna y plaza Las Tres Razas, parroquia Elorza.<\/p>\n\n\n\n<ul class=\"wp-block-list\">\n<li><strong>Municipio P\u00e1ez<\/strong><\/li>\n<\/ul>\n\n\n\n<p>Avenida Neptal\u00ed Quintero, sectores Los Corrales, Santa Rita y Bol\u00edvar parroquia Guasdualito.<\/p>\n\n\n\n<p><br>&nbsp;Avenida San Camilo y sector La Chiricoa, parroquia San Camilo.<\/p>\n\n\n\n<p>Para m\u00e1s informaci\u00f3n sobre las Jornadas Integrales de Atenci\u00f3n al Usuario, puede consultar la cuenta&nbsp;<a href=\"https:\/\/www.instagram.com\/corpoelecinfo\/\">@corpoelecinfo&nbsp;<\/a>en Instagram o visitar la p\u00e1gina<a href=\"https:\/\/www.facebook.com\/Corpoelecinfo\">&nbsp;Corpoelec Informa&nbsp;<\/a>en Facebook.<\/p>\n\n\n\n<ul class=\"wp-block-list\">\n<li><a href=\"https:\/\/mppee.gob.ve\/?p=91712\"><a href=\"https:\/\/mppee.gob.ve\/?p=91717\">En Apure: Corpoelec brinda atenci\u00f3n inmediata a usuarios en 7 CIAU activos<\/a><\/a><\/li>\n<\/ul>\n\n\n\n<p><strong>Prensa MPPEE \u2013 CORPOELEC<\/strong><\/p>\n\n\n\n<p><\/p>\n","protected":false},"excerpt":{"rendered":"<p>Estado Apure.- Desde el jueves 21 hasta el s\u00e1bado 23 de agosto, la Corporaci\u00f3n El\u00e9ctrica Nacional (CORPOELEC) desplegar\u00e1 Jornadas Integrales<\/p>\n","protected":false},"author":24,"featured_media":98309,"comment_status":"closed","ping_status":"closed","sticky":false,"template":"","format":"standard","meta":{"footnotes":""},"categories":[30],"tags":[2722,2758,2691,2769],"class_list":["post-99762","post","type-post","status-publish","format-standard","has-post-thumbnail","hentry","category-regionales","tag-apure","tag-atencion","tag-corpoelec","tag-usuario"],"_links":{"self":[{"href":"https:\/\/mppee.gob.ve\/index.php?rest_route=\/wp\/v2\/posts\/99762","targetHints":{"allow":["GET"]}}],"collection":[{"href":"https:\/\/mppee.gob.ve\/index.php?rest_route=\/wp\/v2\/posts"}],"about":[{"href":"https:\/\/mppee.gob.ve\/index.php?rest_route=\/wp\/v2\/types\/post"}],"author":[{"embeddable":true,"href":"https:\/\/mppee.gob.ve\/index.php?rest_route=\/wp\/v2\/users\/24"}],"replies":[{"embeddable":true,"href":"https:\/\/mppee.gob.ve\/index.php?rest_route=%2Fwp%2Fv2%2Fcomments&post=99762"}],"version-history":[{"count":1,"href":"https:\/\/mppee.gob.ve\/index.php?rest_route=\/wp\/v2\/posts\/99762\/revisions"}],"predecessor-version":[{"id":99764,"href":"https:\/\/mppee.gob.ve\/index.php?rest_route=\/wp\/v2\/posts\/99762\/revisions\/99764"}],"wp:featuredmedia":[{"embeddable":true,"href":"https:\/\/mppee.gob.ve\/index.php?rest_route=\/wp\/v2\/media\/98309"}],"wp:attachment":[{"href":"https:\/\/mppee.gob.ve\/index.php?rest_route=%2Fwp%2Fv2%2Fmedia&parent=99762"}],"wp:term":[{"taxonomy":"category","embeddable":true,"href":"https:\/\/mppee.gob.ve\/index.php?rest_route=%2Fwp%2Fv2%2Fcategories&post=99762"},{"taxonomy":"post_tag","embeddable":true,"href":"https:\/\/mppee.gob.ve\/index.php?rest_route=%2Fwp%2Fv2%2Ftags&post=99762"}],"curies":[{"name":"wp","href":"https:\/\/api.w.org\/{rel}","templated":true}]}}