{"id":99801,"date":"2025-08-21T14:36:48","date_gmt":"2025-08-21T14:36:48","guid":{"rendered":"https:\/\/mppee.gob.ve\/?p=99801"},"modified":"2025-08-21T15:58:50","modified_gmt":"2025-08-21T15:58:50","slug":"atencion-al-usuario-se-fortalece-en-ocho-municipios-de-sucre","status":"publish","type":"post","link":"https:\/\/mppee.gob.ve\/?p=99801","title":{"rendered":"Atenci\u00f3n al usuario se fortalece en ocho municipios de Sucre"},"content":{"rendered":"\n<p><strong>Estado Sucre.- <\/strong>Desde este jueves 21 hasta el s\u00e1bado 23 de agosto, la <a href=\"https:\/\/www.instagram.com\/corpoelecinfo\/\" data-type=\"link\" data-id=\"https:\/\/www.instagram.com\/corpoelecinfo\/\">Corporaci\u00f3n El\u00e9ctrica Nacional (CORPOELEC)<\/a> desplegar\u00e1 Jornadas Integrales de Atenci\u00f3n al Usuario en ocho municipios del estado Sucre.<\/p>\n\n\n\n<p>Los agentes comerciales ofrecer\u00e1n servicios de actualizaci\u00f3n de datos, recepci\u00f3n de reclamos, notificaci\u00f3n de deudas por consumo el\u00e9ctrico y asesor\u00eda para el uso de plataformas de pago en l\u00ednea.<\/p>\n\n\n\n<p>Los usuarios residenciales recibir\u00e1n atenci\u00f3n entre las 9:00 de la ma\u00f1ana y la 1:00 de la tarde en los siguientes municipios:<\/p>\n\n\n\n<p><strong>Municipio Sucre<\/strong><\/p>\n\n\n\n<p>\u2022 \u00a0\u00a0\u00a0\u00a0\u00a0\u00a0<strong>\u00a0 Jueves 21:<\/strong> \u200eUrbanizaciones San Miguel y Villa Cari\u00f1o.<\/p>\n\n\n\n<p>\u2022 \u00a0\u00a0<strong>\u00a0\u00a0\u00a0\u00a0\u00a0 Viernes 22: <\/strong>Urbanizaciones Cuman\u00e1 III y Manantial de Sue\u00f1os.<\/p>\n\n\n\n<p><strong>\u2022 \u00a0\u00a0\u00a0\u00a0\u00a0\u00a0\u00a0 S\u00e1bado 23:<\/strong> Urbanizaciones Cuman\u00e1 II y Crist\u00f3bal Col\u00f3n.<\/p>\n\n\n\n<p>En tanto, los usuarios comerciales ser\u00e1n atendidos los d\u00edas jueves 21 y viernes 22 de agosto en horario comprendido entre las 4:00 de la tarde y las 8:00 de la noche, mientras que el s\u00e1bado 23 de agosto la jornada se desarrollar\u00e1 desde las 8:30 de la ma\u00f1ana hasta las 3:00 de la tarde.<\/p>\n\n\n\n<ul class=\"wp-block-list\">\n<li>Cuman\u00e1, municipio Sucre.<\/li>\n\n\n\n<li>Poblado de Santa Fe, municipio Sucre.<\/li>\n\n\n\n<li>Car\u00fapano, municipio Berm\u00fadez.<\/li>\n\n\n\n<li>Cariaco, municipio Ribero.<\/li>\n\n\n\n<li>Marig\u00fcitar, municipio Bol\u00edvar.<\/li>\n\n\n\n<li>Cumanacoa, municipio Montes.<\/li>\n\n\n\n<li>Casanay, municipio Andr\u00e9s Eloy Blanco.<\/li>\n\n\n\n<li>G\u00fciria, municipio Valdez.<\/li>\n\n\n\n<li>Araya, municipio Cruz Salmer\u00f3n Acosta.<\/li>\n<\/ul>\n\n\n\n<p>Para m\u00e1s informaci\u00f3n sobre las Jornadas Integrales de Atenci\u00f3n al Usuario, puede consultar la cuenta&nbsp;<a href=\"https:\/\/www.instagram.com\/corpoelecinfo\/\">@corpoelecinfo&nbsp;<\/a>en Instagram o visitar la p\u00e1gina<a href=\"https:\/\/www.facebook.com\/Corpoelecinfo\">&nbsp;Corpoelec Informa&nbsp;<\/a>en Facebook.<\/p>\n\n\n\n<ul class=\"wp-block-list\">\n<li><a href=\"https:\/\/mppee.gob.ve\/?p=91717\"><a href=\"https:\/\/mppee.gob.ve\/?p=91722\">Usuarios de Corpoelec en Sucre cuentan con 11 CIAU para la atenci\u00f3n<\/a><\/a><\/li>\n<\/ul>\n\n\n\n<p><strong>Prensa MPPEE \u2013 CORPOELEC<\/strong><\/p>\n","protected":false},"excerpt":{"rendered":"<p>Estado Sucre.- Desde este jueves 21 hasta el s\u00e1bado 23 de agosto, la Corporaci\u00f3n El\u00e9ctrica Nacional (CORPOELEC) desplegar\u00e1 Jornadas Integrales<\/p>\n","protected":false},"author":24,"featured_media":98317,"comment_status":"closed","ping_status":"closed","sticky":false,"template":"","format":"standard","meta":{"footnotes":""},"categories":[30],"tags":[2758,2693,2769],"class_list":["post-99801","post","type-post","status-publish","format-standard","has-post-thumbnail","hentry","category-regionales","tag-atencion","tag-sucre","tag-usuario"],"_links":{"self":[{"href":"https:\/\/mppee.gob.ve\/index.php?rest_route=\/wp\/v2\/posts\/99801","targetHints":{"allow":["GET"]}}],"collection":[{"href":"https:\/\/mppee.gob.ve\/index.php?rest_route=\/wp\/v2\/posts"}],"about":[{"href":"https:\/\/mppee.gob.ve\/index.php?rest_route=\/wp\/v2\/types\/post"}],"author":[{"embeddable":true,"href":"https:\/\/mppee.gob.ve\/index.php?rest_route=\/wp\/v2\/users\/24"}],"replies":[{"embeddable":true,"href":"https:\/\/mppee.gob.ve\/index.php?rest_route=%2Fwp%2Fv2%2Fcomments&post=99801"}],"version-history":[{"count":3,"href":"https:\/\/mppee.gob.ve\/index.php?rest_route=\/wp\/v2\/posts\/99801\/revisions"}],"predecessor-version":[{"id":99810,"href":"https:\/\/mppee.gob.ve\/index.php?rest_route=\/wp\/v2\/posts\/99801\/revisions\/99810"}],"wp:featuredmedia":[{"embeddable":true,"href":"https:\/\/mppee.gob.ve\/index.php?rest_route=\/wp\/v2\/media\/98317"}],"wp:attachment":[{"href":"https:\/\/mppee.gob.ve\/index.php?rest_route=%2Fwp%2Fv2%2Fmedia&parent=99801"}],"wp:term":[{"taxonomy":"category","embeddable":true,"href":"https:\/\/mppee.gob.ve\/index.php?rest_route=%2Fwp%2Fv2%2Fcategories&post=99801"},{"taxonomy":"post_tag","embeddable":true,"href":"https:\/\/mppee.gob.ve\/index.php?rest_route=%2Fwp%2Fv2%2Ftags&post=99801"}],"curies":[{"name":"wp","href":"https:\/\/api.w.org\/{rel}","templated":true}]}}