{"id":99889,"date":"2025-08-23T14:59:27","date_gmt":"2025-08-23T14:59:27","guid":{"rendered":"https:\/\/mppee.gob.ve\/?p=99889"},"modified":"2025-08-23T14:59:28","modified_gmt":"2025-08-23T14:59:28","slug":"trabajadores-del-sen-se-suman-al-plan-nacional-de-soberania-y-paz-simon-bolivar","status":"publish","type":"post","link":"https:\/\/mppee.gob.ve\/?p=99889","title":{"rendered":"Trabajadores del SEN se suman al Plan Nacional de Soberan\u00eda y Paz Sim\u00f3n Bol\u00edvar"},"content":{"rendered":"\n<p><strong>San Bernardino, Caracas.-<\/strong> Trabajadores y Trabajadoras del Sistema El\u00e9ctrico Nacional (SEN) se suman al Plan Nacional de Soberan\u00eda y Paz Sim\u00f3n Bol\u00edvar que fue activado este 23 de agosto en todo el territorio nacional, luego del llamado del presidente de la Rep\u00fablica, Nicol\u00e1s Maduro Moros, a alistarse para la defensa del pa\u00eds. <\/p>\n\n\n\n<p>Ataviados con el uniforme celeste y blanco que los identifica como fuerza trabajadora del sector el\u00e9ctrico, la clase obrera del SEN da un paso al frente y dice presente en esta jornada que se lleva a cabo en las plazas Bol\u00edvar, sedes de los cuarteles militares y en las 15.751 bases populares de defensa integral. <\/p>\n\n\n\n<p>La movilizaci\u00f3n responde a una nueva arremetida imperial que busca desestabilizar el pa\u00eds, ante ello, el pueblo trabajador est\u00e1 firme, con conciencia patri\u00f3tica y el orgullo libertario de ser venezolano. <\/p>\n\n\n\n<p>La Ley Constitucional de la Fuerza Armada Nacional Bolivariana (FANB) establece a la Milicia Nacional como el quinto elemento esencial, junto al Ej\u00e9rcito, la Armada, la Aviaci\u00f3n y la Guardia Nacional Bolivariana, para proteger la soberan\u00eda y la integridad territorial, la paz y la serenidad de la poblaci\u00f3n de Venezuela. <\/p>\n\n\n\n<p><strong>Prensa MPPEE-CORPOELEC<\/strong><\/p>\n","protected":false},"excerpt":{"rendered":"<p>San Bernardino, Caracas.- Trabajadores y Trabajadoras del Sistema El\u00e9ctrico Nacional (SEN) se suman al Plan Nacional de Soberan\u00eda y Paz<\/p>\n","protected":false},"author":22,"featured_media":99892,"comment_status":"closed","ping_status":"closed","sticky":false,"template":"","format":"standard","meta":{"footnotes":""},"categories":[15],"tags":[2691,11,3268,2744,46],"class_list":["post-99889","post","type-post","status-publish","format-standard","has-post-thumbnail","hentry","category-nacionales","tag-corpoelec","tag-mppee","tag-plan-nacional-de-soberania-y-paz-simon-bolivar","tag-sen","tag-venezuela"],"_links":{"self":[{"href":"https:\/\/mppee.gob.ve\/index.php?rest_route=\/wp\/v2\/posts\/99889","targetHints":{"allow":["GET"]}}],"collection":[{"href":"https:\/\/mppee.gob.ve\/index.php?rest_route=\/wp\/v2\/posts"}],"about":[{"href":"https:\/\/mppee.gob.ve\/index.php?rest_route=\/wp\/v2\/types\/post"}],"author":[{"embeddable":true,"href":"https:\/\/mppee.gob.ve\/index.php?rest_route=\/wp\/v2\/users\/22"}],"replies":[{"embeddable":true,"href":"https:\/\/mppee.gob.ve\/index.php?rest_route=%2Fwp%2Fv2%2Fcomments&post=99889"}],"version-history":[{"count":1,"href":"https:\/\/mppee.gob.ve\/index.php?rest_route=\/wp\/v2\/posts\/99889\/revisions"}],"predecessor-version":[{"id":99893,"href":"https:\/\/mppee.gob.ve\/index.php?rest_route=\/wp\/v2\/posts\/99889\/revisions\/99893"}],"wp:featuredmedia":[{"embeddable":true,"href":"https:\/\/mppee.gob.ve\/index.php?rest_route=\/wp\/v2\/media\/99892"}],"wp:attachment":[{"href":"https:\/\/mppee.gob.ve\/index.php?rest_route=%2Fwp%2Fv2%2Fmedia&parent=99889"}],"wp:term":[{"taxonomy":"category","embeddable":true,"href":"https:\/\/mppee.gob.ve\/index.php?rest_route=%2Fwp%2Fv2%2Fcategories&post=99889"},{"taxonomy":"post_tag","embeddable":true,"href":"https:\/\/mppee.gob.ve\/index.php?rest_route=%2Fwp%2Fv2%2Ftags&post=99889"}],"curies":[{"name":"wp","href":"https:\/\/api.w.org\/{rel}","templated":true}]}}