{"id":99909,"date":"2025-08-23T16:57:42","date_gmt":"2025-08-23T16:57:42","guid":{"rendered":"https:\/\/mppee.gob.ve\/?p=99909"},"modified":"2025-08-23T16:57:43","modified_gmt":"2025-08-23T16:57:43","slug":"yo-me-alisto-dice-la-fuerza-trabajadora-de-corpoelec","status":"publish","type":"post","link":"https:\/\/mppee.gob.ve\/?p=99909","title":{"rendered":"\u201cYo me alisto\u201d dice la fuerza trabajadora de CORPOELEC"},"content":{"rendered":"\n<p><strong>\u200eSan Bernandino, Caracas.-<\/strong> Trabajadores de la Corporaci\u00f3n El\u00e9ctrica Nacional (CORPOELEC) se han unido a las filas de la Milicia Nacional Bolivariana (FANB) en todo el territorio nacional para defender la estabilidad y soberan\u00eda venezolana.<br>\u200e<br>\u200e\u200e\u200eEsta iniciativa responde al llamado del presidente Nicol\u00e1s Maduro de fortalecer la uni\u00f3n c\u00edvico &#8211; militar para proteger los \u200e916.447 kil\u00f3metros cuadrados del pa\u00eds, ante los intentos de desestabilizaci\u00f3n que promueva el imperio norteamericano.<br>\u200e<br>\u200e\u200e\u200eLa participaci\u00f3n de la fuerza trabajadora de CORPOELEC en el Plan Nacional de Soberan\u00eda y de Paz Sim\u00f3n Bol\u00edvar, demuestra el alto nivel de conciencia y deber de este sector con la seguridad y defensa de la Patria.<br>\u200e<br>\u200e\u200eEsta contribuci\u00f3n del personal no solo garantiza el servicio el\u00e9ctrico, sino que tambi\u00e9n reafirman su compromiso con los objetivos estrat\u00e9gicos de la naci\u00f3n.<br>\u200e<br>\u200e\u200e\u200e\u200eSherman Gonz\u00e1lez, operario de la Gerencia de Programaci\u00f3n y Control de Vegetaci\u00f3n en el estado Barinas, enfatiz\u00f3 que el deber por defender este suelo de libertadores tambi\u00e9n es una demostraci\u00f3n de amor.<br>\u200e<br>\u200e\u200e\u200e\u00bbHemos visto de cerca los intentos de sabotaje. Son ataques directos contra nuestra soberan\u00eda y contra el bienestar de nuestra gente. Unirme a la FANB es una forma de defender mi trabajo, mi pa\u00eds y mi familia. Estamos listos para blindar nuestras instalaciones y garantizar que la energ\u00eda siga llegando a cada hogar venezolano \u00a1Yo me alisto!\u00bb, indic\u00f3 Gonz\u00e1lez<br>\u200e<br>\u200e\u200e\u200eAsimismo, Yulith Monsalve, trabajadora de Bienes y Servicios en el estado Portuguesa, mencion\u00f3 que es indispensable la defensa de los servicios p\u00fablicos, principalmente el de la energ\u00eda el\u00e9ctrica.<br>\u200e<br>\u200e\u200e\u200e\u00bbNo podemos permitir que el imperio nos arrebate algo tan fundamental como el suministro el\u00e9ctrico. Estamos preparados para enfrentar cualquier amenaza que atente contra la tranquilidad del pueblo .\u00bb subray\u00f3 Monsalve.<br>\u200e<br>\u200ePor su parte, Carlos Pino, trabajador adscrito a la Gerencia de Prevenci\u00f3n y Protecci\u00f3n en el estado Lara, manifest\u00f3 su compromiso patrio.<\/p>\n\n\n\n<p>\u201cAqu\u00ed estamos la fuerza trabajadora de CORPOELEC asistiendo al llamado de nuestro presidente constitucional, Nicol\u00e1s Maduro Moros, en defensa de nuestra Patria\u201d, enfatiz\u00f3.<\/p>\n\n\n\n<p>\u201cEstamos aqu\u00ed en acompa\u00f1amiento a esta jornada de alistamiento del pueblo de Venezuela. Es un deber de todo venezolano alistarse yb prepararse para defender la libertad de nuestro territorio, legado de nuestro amado Libertador Sim\u00f3n Bol\u00edvar\u201d<\/p>\n\n\n\n<p>Alirio Rinc\u00f3n, de la Gerencia de Desarrollo Social en el estado La Guaira, hizo un llamado a defender el legado del Padre de la Patria.<\/p>\n\n\n\n<p>La uni\u00f3n de los trabajadores del sector el\u00e9ctrico con la FANB no solo fortalece la capacidad de respuesta ante posibles ataques, sino que tambi\u00e9n env\u00eda un mensaje claro al mundo: el pueblo venezolano est\u00e1 unido para defender su independencia y soberan\u00eda.<\/p>\n\n\n\n<p><strong>Prensa MPPEE-CORPOELEC<\/strong><\/p>\n\n\n\n<p><\/p>\n","protected":false},"excerpt":{"rendered":"<p>\u200eSan Bernandino, Caracas.- Trabajadores de la Corporaci\u00f3n El\u00e9ctrica Nacional (CORPOELEC) se han unido a las filas de la Milicia Nacional<\/p>\n","protected":false},"author":22,"featured_media":99910,"comment_status":"closed","ping_status":"closed","sticky":false,"template":"","format":"standard","meta":{"footnotes":""},"categories":[15],"tags":[2691,11,2744,46],"class_list":["post-99909","post","type-post","status-publish","format-standard","has-post-thumbnail","hentry","category-nacionales","tag-corpoelec","tag-mppee","tag-sen","tag-venezuela"],"_links":{"self":[{"href":"https:\/\/mppee.gob.ve\/index.php?rest_route=\/wp\/v2\/posts\/99909","targetHints":{"allow":["GET"]}}],"collection":[{"href":"https:\/\/mppee.gob.ve\/index.php?rest_route=\/wp\/v2\/posts"}],"about":[{"href":"https:\/\/mppee.gob.ve\/index.php?rest_route=\/wp\/v2\/types\/post"}],"author":[{"embeddable":true,"href":"https:\/\/mppee.gob.ve\/index.php?rest_route=\/wp\/v2\/users\/22"}],"replies":[{"embeddable":true,"href":"https:\/\/mppee.gob.ve\/index.php?rest_route=%2Fwp%2Fv2%2Fcomments&post=99909"}],"version-history":[{"count":1,"href":"https:\/\/mppee.gob.ve\/index.php?rest_route=\/wp\/v2\/posts\/99909\/revisions"}],"predecessor-version":[{"id":99911,"href":"https:\/\/mppee.gob.ve\/index.php?rest_route=\/wp\/v2\/posts\/99909\/revisions\/99911"}],"wp:featuredmedia":[{"embeddable":true,"href":"https:\/\/mppee.gob.ve\/index.php?rest_route=\/wp\/v2\/media\/99910"}],"wp:attachment":[{"href":"https:\/\/mppee.gob.ve\/index.php?rest_route=%2Fwp%2Fv2%2Fmedia&parent=99909"}],"wp:term":[{"taxonomy":"category","embeddable":true,"href":"https:\/\/mppee.gob.ve\/index.php?rest_route=%2Fwp%2Fv2%2Fcategories&post=99909"},{"taxonomy":"post_tag","embeddable":true,"href":"https:\/\/mppee.gob.ve\/index.php?rest_route=%2Fwp%2Fv2%2Ftags&post=99909"}],"curies":[{"name":"wp","href":"https:\/\/api.w.org\/{rel}","templated":true}]}}