{"id":99913,"date":"2025-08-23T20:06:33","date_gmt":"2025-08-23T20:06:33","guid":{"rendered":"https:\/\/mppee.gob.ve\/?p=99913"},"modified":"2025-08-23T20:23:48","modified_gmt":"2025-08-23T20:23:48","slug":"yo-me-alisto-dice-la-fuerza-trabajadora-de-corpoelec-2","status":"publish","type":"post","link":"https:\/\/mppee.gob.ve\/?p=99913","title":{"rendered":"Sector el\u00e9ctrico se alista en Caracas para defender la Patria"},"content":{"rendered":"\n<p><strong>Caracas. &#8211; <\/strong>En respuesta al llamado realizado por el Presidente de la Rep\u00fablica, Nicol\u00e1s Maduro Moros, la fuerza trabajadora del sector el\u00e9ctrico acudi\u00f3 masivamente a la Plaza Bol\u00edvar de Caracas para formalizar su alistamiento en la Milicia Nacional Bolivariana (FANB).<\/p>\n\n\n\n<p>La actividad, reuni\u00f3 a representantes del Ministerio del Poder Popular para la Energ\u00eda El\u00e9ctrica y sus entes adscritos, quienes manifestaron su compromiso en la defensa de la soberan\u00eda nacional ante las amenazas de desestabilizaci\u00f3n promovidas por potencias extranjeras.<\/p>\n\n\n\n<p>Durante la jornada, Amaranto Vargas, gerente de Mesas T\u00e9cnicas de Fundelec, expres\u00f3: \u201cHoy me alisto con el llamado de nuestro m\u00e1ximo l\u00edder, Presidente Obrero Nicol\u00e1s Maduro Moros. Junto con mis compa\u00f1eros trabajadores del sector el\u00e9ctrico, hacemos presencia en la Plaza Bol\u00edvar de Caracas para cumplir con el registro y defender la naci\u00f3n ante la amenaza imperial. No estamos dispuestos a ceder la soberan\u00eda ante ninguna agresi\u00f3n extranjera.\u201d<\/p>\n\n\n\n<p>Por su parte, Nadieska Monserrat, trabajadora de Fauree Corpoelec, destac\u00f3 la importancia del alistamiento: \u201cAtendiendo el llamado de nuestro Presidente Nicol\u00e1s Maduro Moros, instamos a todo el sector el\u00e9ctrico y al pueblo venezolano a sumarse. Debemos defender nuestra patria, nuestra soberan\u00eda y todos los logros alcanzados en este proceso revolucionario. Somos un pueblo guerrero e independiente.\u201d<\/p>\n\n\n\n<p>Luis Fern\u00e1ndez, trabajador de Fasmee Capital, tambi\u00e9n reafirm\u00f3 su compromiso: \u201cHoy nos encontramos en la Plaza Bol\u00edvar de Caracas, acudiendo al llamado del Presidente para alistarnos y defender la Patria. No vamos a permitir que ninguna naci\u00f3n extranjera intervenga en nuestro territorio nacional.\u201d<\/p>\n\n\n\n<p>Asimismo, Anyar Vel\u00e1squez, trabajadora de la OAC del Mppee, hizo un llamado a la paz: \u201cEs muy importante alistarse para apoyar a Venezuela y aportar ese granito de arena para la paz, porque todos queremos paz.\u201d<\/p>\n\n\n\n<p><\/p>\n\n\n\n<p>Igualmente, en la Plaza Bol\u00edvar de Chacao, estuvo presente la clase trabajadora de CORPOELEC para cumplir su compromiso con la Patria.<\/p>\n\n\n\n<p>Betsy Bracho, trabajadora adscrita a Servicios Generales, recalc\u00f3 la importancia de garantizar la paz.<\/p>\n\n\n\n<p>\u201cVine por mi pa\u00eds, por la Patria y la paz de todos los venezolanos\u201d, expres\u00f3.<\/p>\n\n\n\n<p>Luis Lovera, del Centro de Servicio Santa Rosa destac\u00f3 la necesidad de cumplir como venezolanos con la empresa y con el pa\u00eds.<\/p>\n\n\n\n<p>\u201cPresidente Nicol\u00e1s Maduro cuente Usted con nosotros para defender la Patria. \u00a1Venezuela se respeta!\u201d, subray\u00f3.<\/p>\n\n\n\n<p>La jornada de alistamiento reafirma la disposici\u00f3n del sector el\u00e9ctrico de sumarse activamente a la defensa nacional, consolidando a la Milicia Nacional Bolivariana como una fuerza popular comprometida con la protecci\u00f3n de la soberan\u00eda y la paz de la Rep\u00fablica Bolivariana de Venezuela.<\/p>\n\n\n\n<p><strong>Prensa MPPEE-CORPOELEC\/ Kris Carrasco<\/strong><\/p>\n\n\n\n<p><\/p>\n\n\n\n<p><\/p>\n","protected":false},"excerpt":{"rendered":"<p>Caracas. &#8211; En respuesta al llamado realizado por el Presidente de la Rep\u00fablica, Nicol\u00e1s Maduro Moros, la fuerza trabajadora del<\/p>\n","protected":false},"author":22,"featured_media":99916,"comment_status":"closed","ping_status":"closed","sticky":false,"template":"","format":"standard","meta":{"footnotes":""},"categories":[15],"tags":[2691,11,2744,46],"class_list":["post-99913","post","type-post","status-publish","format-standard","has-post-thumbnail","hentry","category-nacionales","tag-corpoelec","tag-mppee","tag-sen","tag-venezuela"],"_links":{"self":[{"href":"https:\/\/mppee.gob.ve\/index.php?rest_route=\/wp\/v2\/posts\/99913","targetHints":{"allow":["GET"]}}],"collection":[{"href":"https:\/\/mppee.gob.ve\/index.php?rest_route=\/wp\/v2\/posts"}],"about":[{"href":"https:\/\/mppee.gob.ve\/index.php?rest_route=\/wp\/v2\/types\/post"}],"author":[{"embeddable":true,"href":"https:\/\/mppee.gob.ve\/index.php?rest_route=\/wp\/v2\/users\/22"}],"replies":[{"embeddable":true,"href":"https:\/\/mppee.gob.ve\/index.php?rest_route=%2Fwp%2Fv2%2Fcomments&post=99913"}],"version-history":[{"count":4,"href":"https:\/\/mppee.gob.ve\/index.php?rest_route=\/wp\/v2\/posts\/99913\/revisions"}],"predecessor-version":[{"id":99920,"href":"https:\/\/mppee.gob.ve\/index.php?rest_route=\/wp\/v2\/posts\/99913\/revisions\/99920"}],"wp:featuredmedia":[{"embeddable":true,"href":"https:\/\/mppee.gob.ve\/index.php?rest_route=\/wp\/v2\/media\/99916"}],"wp:attachment":[{"href":"https:\/\/mppee.gob.ve\/index.php?rest_route=%2Fwp%2Fv2%2Fmedia&parent=99913"}],"wp:term":[{"taxonomy":"category","embeddable":true,"href":"https:\/\/mppee.gob.ve\/index.php?rest_route=%2Fwp%2Fv2%2Fcategories&post=99913"},{"taxonomy":"post_tag","embeddable":true,"href":"https:\/\/mppee.gob.ve\/index.php?rest_route=%2Fwp%2Fv2%2Ftags&post=99913"}],"curies":[{"name":"wp","href":"https:\/\/api.w.org\/{rel}","templated":true}]}}