{"id":99922,"date":"2025-08-23T22:01:43","date_gmt":"2025-08-23T22:01:43","guid":{"rendered":"https:\/\/mppee.gob.ve\/?p=99922"},"modified":"2025-08-23T22:01:44","modified_gmt":"2025-08-23T22:01:44","slug":"ministro-marquez-ratifico-su-compromiso-con-la-defensa-de-la-patria-este-23-a","status":"publish","type":"post","link":"https:\/\/mppee.gob.ve\/?p=99922","title":{"rendered":"Ministro M\u00e1rquez ratific\u00f3 su compromiso con la defensa de la Patria este 23-A"},"content":{"rendered":"\n<p><strong>Plaza Bol\u00edvar, Caracas.-<\/strong> Desde la Plaza Bol\u00edvar de Caracas, el ministro del Poder Popular para la Energ\u00eda El\u00e9ctrica, Jorge M\u00e1rquez, ratific\u00f3 su compromiso con la defensa de la Patria al atender la convocatoria del Plan Nacional de Soberan\u00eda y Paz \u00abSim\u00f3n Bol\u00edvar\u00bb.<\/p>\n\n\n\n<p>\u201cEstoy aqu\u00ed en la Plaza Bol\u00edvar de Caracas ratificando mi compromiso con la Fuerza Armada, como soldado y como ciudadano venezolano ratificando mi compromiso con mi Patria. Acatando el llamado de nuestro Presidente, mi Comandante en Jefe, Nicol\u00e1s Maduro\u201d, enfatiz\u00f3. <\/p>\n\n\n\n<p>En ese contexto, el tambi\u00e9n Vicepresidente sectorial de Obras P\u00fablicas y Servicios destac\u00f3 la masiva participaci\u00f3n del pueblo venezolano en esta jornada de alistamiento convocada por el l\u00edder revolucionario, Nicol\u00e1s Maduro.<\/p>\n\n\n\n<p>\u201cAqu\u00ed estamos viendo con mucha alegr\u00eda la movilizaci\u00f3n, todo el pueblo venezolano que ha acudido a cumplir con ese llamado del Presidente para defender la Patria\u201d, subray\u00f3 M\u00e1rquez. <\/p>\n\n\n\n<p>Asimismo, convoc\u00f3 al pueblo patriota a alistarse para defender la Patria frente a las pretensiones imperiales de socavar la soberan\u00eda nacional.<\/p>\n\n\n\n<p> \u201cEl llamado es a acudir a todas las plazas Bol\u00edvar, a todos los cuarteles del pa\u00eds a alistarse (\u2026) y prepararnos para que ning\u00fan imperio intente poner su bota en nuestro territorio\u201d, recalc\u00f3.<\/p>\n\n\n\n<p> <strong>Trabajadores del SEN garantes de paz<\/strong> <\/p>\n\n\n\n<p>El ministro M\u00e1rquez destac\u00f3 el compromiso de la fuerza trabajadora de del sector el\u00e9ctrico, los hombres y mujeres que hacen vida en la Corporaci\u00f3n El\u00e9ctrica Nacional (CORPOELEC), quienes desde sus puestos de trabajos, d\u00eda a d\u00eda, son garantes de la paz. <\/p>\n\n\n\n<p>\u201cEs incre\u00edble el comportamiento de los trabajadores de nuestra empresa CORPOELEC, quienes desde tempranas horas se han movilizado para alistarse. Los trabajadores de CORPOELEC tenemos a\u00f1os defendiendo nuestra empresa, evitando que nos hagan da\u00f1o y le hagan da\u00f1o al pa\u00eds. Seguimos prepar\u00e1ndonos, luchando y seguimos defendiendo nuestra Patria\u201d, expres\u00f3. <\/p>\n\n\n\n<p>El presidente y comandante en jefe de la Fuerza Armada Nacional Bolivariana (FANB), Nicol\u00e1s Maduro, inst\u00f3 a todos los venezolanos y venezolanas a alistarse en las plazas Bol\u00edvar y las unidades militares cercanas a sus comunidades para estar en la \u201cprimera fila de la defensa de la soberan\u00eda y la paz nacional\u201d. <\/p>\n\n\n\n<p><strong>Prensa MPPEE-CORPOELEC<\/strong><\/p>\n","protected":false},"excerpt":{"rendered":"<p>Plaza Bol\u00edvar, Caracas.- Desde la Plaza Bol\u00edvar de Caracas, el ministro del Poder Popular para la Energ\u00eda El\u00e9ctrica, Jorge M\u00e1rquez,<\/p>\n","protected":false},"author":22,"featured_media":99923,"comment_status":"closed","ping_status":"closed","sticky":false,"template":"","format":"standard","meta":{"footnotes":""},"categories":[15],"tags":[2691,11,2744,46],"class_list":["post-99922","post","type-post","status-publish","format-standard","has-post-thumbnail","hentry","category-nacionales","tag-corpoelec","tag-mppee","tag-sen","tag-venezuela"],"_links":{"self":[{"href":"https:\/\/mppee.gob.ve\/index.php?rest_route=\/wp\/v2\/posts\/99922","targetHints":{"allow":["GET"]}}],"collection":[{"href":"https:\/\/mppee.gob.ve\/index.php?rest_route=\/wp\/v2\/posts"}],"about":[{"href":"https:\/\/mppee.gob.ve\/index.php?rest_route=\/wp\/v2\/types\/post"}],"author":[{"embeddable":true,"href":"https:\/\/mppee.gob.ve\/index.php?rest_route=\/wp\/v2\/users\/22"}],"replies":[{"embeddable":true,"href":"https:\/\/mppee.gob.ve\/index.php?rest_route=%2Fwp%2Fv2%2Fcomments&post=99922"}],"version-history":[{"count":1,"href":"https:\/\/mppee.gob.ve\/index.php?rest_route=\/wp\/v2\/posts\/99922\/revisions"}],"predecessor-version":[{"id":99924,"href":"https:\/\/mppee.gob.ve\/index.php?rest_route=\/wp\/v2\/posts\/99922\/revisions\/99924"}],"wp:featuredmedia":[{"embeddable":true,"href":"https:\/\/mppee.gob.ve\/index.php?rest_route=\/wp\/v2\/media\/99923"}],"wp:attachment":[{"href":"https:\/\/mppee.gob.ve\/index.php?rest_route=%2Fwp%2Fv2%2Fmedia&parent=99922"}],"wp:term":[{"taxonomy":"category","embeddable":true,"href":"https:\/\/mppee.gob.ve\/index.php?rest_route=%2Fwp%2Fv2%2Fcategories&post=99922"},{"taxonomy":"post_tag","embeddable":true,"href":"https:\/\/mppee.gob.ve\/index.php?rest_route=%2Fwp%2Fv2%2Ftags&post=99922"}],"curies":[{"name":"wp","href":"https:\/\/api.w.org\/{rel}","templated":true}]}}