{"id":99972,"date":"2025-08-26T15:37:22","date_gmt":"2025-08-26T15:37:22","guid":{"rendered":"https:\/\/mppee.gob.ve\/?p=99972"},"modified":"2025-08-26T15:37:23","modified_gmt":"2025-08-26T15:37:23","slug":"agentes-comerciales-atenderan-a-usuarios-yaracuyanos-con-jornadas-integrales","status":"publish","type":"post","link":"https:\/\/mppee.gob.ve\/?p=99972","title":{"rendered":"Agentes comerciales atender\u00e1n a usuarios yaracuyanos con jornadas integrales"},"content":{"rendered":"\n<p><strong>Estado Yaracuy.- <\/strong>La Corporaci\u00f3n El\u00e9ctrica Nacional (Corpoelec) a trav\u00e9s de los Centros Integrales de Atenci\u00f3n al Usuario (CIAU) realizar\u00e1 una Jornada de Atenci\u00f3n a los usuarios los d\u00edas mi\u00e9rcoles 27, jueves 28, viernes 29 y s\u00e1bado 30 de agosto con la finalidad de brindar asesor\u00eda, acompa\u00f1amiento en los tr\u00e1mites del servicio de electricidad a suscriptores deo estado Yaracuy.\u00a0<\/p>\n\n\n\n<p>Durante la jornada, que se llevar\u00e1 a cabo en los municipios: San Felipe, Bruzual, Pe\u00f1a, Bol\u00edvar y Urachiche de la entidad yaracuyana, en el horario comprendido desde las 8:30am hasta las 3:30pm, los usuarios podr\u00e1n realizar actualizaci\u00f3n de datos, notificaci\u00f3n de deuda pendiente, asesor\u00eda para el uso de la banca en l\u00ednea y pago de facturas.<\/p>\n\n\n\n<p><strong>\u00bfEn d\u00f3nde?<\/strong><\/p>\n\n\n\n<p>\u2013 Centro Comercial Aracoi C.A avenida La Patria con avenida 2, Frente al terminal urbano Domingo Aponte Barrios.&nbsp;San Felipe.<\/p>\n\n\n\n<p>\u2013 Avenida Trocadero entre carrera 14 y calle de servicio, edificio Zona Yaritagua, municipio Pe\u00f1a.<\/p>\n\n\n\n<p>\u2013 Sector Casa de Tejas, frente al Ateneo de Aroa, municipio Bol\u00edvar.&nbsp;<\/p>\n\n\n\n<p>\u2013 Calle 7 esquina avenida 8, sector La Pe\u00f1ita, Casco Central Chivacoa, municipio Bruzual.<\/p>\n\n\n\n<p>\u2013 Calle 7 entre carreras 2 y 3, Mini Centro Comercial Juana Paula, municipio Urachiche.<\/p>\n\n\n\n<p>El m\u00e9todo de pago autorizado ser\u00e1 a trav\u00e9s del punto de venta.<\/p>\n\n\n\n<p>Para mayor informaci\u00f3n sobre las Jornadas Integrales de Atenci\u00f3n al Usuario, pueden visitar la cuenta @corpoelecinfo en la red social Instagram. Redacci\u00f3n Periodista Corpoelec Raimundo Torin.&nbsp;<\/p>\n\n\n\n<p><strong>Prensa MPPEE-CORPOELEC<\/strong><\/p>\n","protected":false},"excerpt":{"rendered":"<p>Estado Yaracuy.- La Corporaci\u00f3n El\u00e9ctrica Nacional (Corpoelec) a trav\u00e9s de los Centros Integrales de Atenci\u00f3n al Usuario (CIAU) realizar\u00e1 una<\/p>\n","protected":false},"author":22,"featured_media":98781,"comment_status":"closed","ping_status":"closed","sticky":false,"template":"","format":"standard","meta":{"footnotes":""},"categories":[30],"tags":[2768,2691,11,2744,46,2726],"class_list":["post-99972","post","type-post","status-publish","format-standard","has-post-thumbnail","hentry","category-regionales","tag-ciau","tag-corpoelec","tag-mppee","tag-sen","tag-venezuela","tag-yaracuy"],"_links":{"self":[{"href":"https:\/\/mppee.gob.ve\/index.php?rest_route=\/wp\/v2\/posts\/99972","targetHints":{"allow":["GET"]}}],"collection":[{"href":"https:\/\/mppee.gob.ve\/index.php?rest_route=\/wp\/v2\/posts"}],"about":[{"href":"https:\/\/mppee.gob.ve\/index.php?rest_route=\/wp\/v2\/types\/post"}],"author":[{"embeddable":true,"href":"https:\/\/mppee.gob.ve\/index.php?rest_route=\/wp\/v2\/users\/22"}],"replies":[{"embeddable":true,"href":"https:\/\/mppee.gob.ve\/index.php?rest_route=%2Fwp%2Fv2%2Fcomments&post=99972"}],"version-history":[{"count":1,"href":"https:\/\/mppee.gob.ve\/index.php?rest_route=\/wp\/v2\/posts\/99972\/revisions"}],"predecessor-version":[{"id":99973,"href":"https:\/\/mppee.gob.ve\/index.php?rest_route=\/wp\/v2\/posts\/99972\/revisions\/99973"}],"wp:featuredmedia":[{"embeddable":true,"href":"https:\/\/mppee.gob.ve\/index.php?rest_route=\/wp\/v2\/media\/98781"}],"wp:attachment":[{"href":"https:\/\/mppee.gob.ve\/index.php?rest_route=%2Fwp%2Fv2%2Fmedia&parent=99972"}],"wp:term":[{"taxonomy":"category","embeddable":true,"href":"https:\/\/mppee.gob.ve\/index.php?rest_route=%2Fwp%2Fv2%2Fcategories&post=99972"},{"taxonomy":"post_tag","embeddable":true,"href":"https:\/\/mppee.gob.ve\/index.php?rest_route=%2Fwp%2Fv2%2Ftags&post=99972"}],"curies":[{"name":"wp","href":"https:\/\/api.w.org\/{rel}","templated":true}]}}