{"id":99976,"date":"2025-08-26T16:53:54","date_gmt":"2025-08-26T16:53:54","guid":{"rendered":"https:\/\/mppee.gob.ve\/?p=99976"},"modified":"2025-08-26T17:01:16","modified_gmt":"2025-08-26T17:01:16","slug":"inicia-plan-nacional-de-formacion-para-optimizar-gestion-operativa-en-el-sen","status":"publish","type":"post","link":"https:\/\/mppee.gob.ve\/?p=99976","title":{"rendered":"Inicia Plan Nacional de Formaci\u00f3n para optimizar gesti\u00f3n operativa en el SEN"},"content":{"rendered":"\n<p><strong>San Bernandino, Caracas.-<\/strong> Con la participaci\u00f3n de 211 trabajadores del \u00e1rea de transmisi\u00f3n, la Corporaci\u00f3n El\u00e9ctrica Nacional (CORPOELEC) inici\u00f3 el Plan Nacional de Formaci\u00f3n de Operadores Integrales de Subestaciones El\u00e9ctricas, una iniciativa que se realiza de manera simult\u00e1nea en los 23 estados del pa\u00eds, en cumplimiento de las instrucciones del presidente de la Rep\u00fablica, Nicol\u00e1s Maduro. <\/p>\n\n\n\n<p>La jornada inaugural se desarroll\u00f3 en la Escuela de Formaci\u00f3n del Centro de Servicio El Convento, ubicada en el estado Miranda. El objetivo de este Plan es promover la capacitaci\u00f3n te\u00f3rico-pr\u00e1ctica de los trabajadores y trabajadoras del Sistema El\u00e9ctrico Nacional (SEN).<\/p>\n\n\n\n<p>Marina Marrero, facilitadora del programa acad\u00e9mico, destac\u00f3 el desarrollo de este ciclo de formaci\u00f3n que, con enfoque cr\u00edtico, afianzar\u00e1 valores \u00e9ticos y morales, as\u00ed como tambi\u00e9n aspectos t\u00e9cnicos en la gesti\u00f3n operativa del servicio el\u00e9ctrico. <\/p>\n\n\n\n<p>Asimismo, Mayfer Ortega, trabajador del \u00e1rea de seguridad e higiene ocupacional, expres\u00f3 que el Plan \u201ces una oportunidad para profundizar conocimientos sobre el funcionamiento de las instalaciones el\u00e9ctricas\u201d. <\/p>\n\n\n\n<p>El Plan Nacional de Formaci\u00f3n contempla cinco m\u00f3dulos que ser\u00e1n impartidos durante las pr\u00f3ximas tres semanas a la fuerza laboral del SEN en todo el territorio nacional. <\/p>\n\n\n\n<p>El pensum abarca las \u00e1reas de pensamiento hist\u00f3rico y acci\u00f3n social; inducci\u00f3n al trabajo seguro; saludable y ambientalmente sustentable para operadores integrales de subestaciones el\u00e9ctricas; sistemas de protecci\u00f3n el\u00e9ctrica y protocolo para mantenimiento de subestaciones el\u00e9ctricas. <\/p>\n\n\n\n<p>El Gobierno nacional, liderado por el presidente, Nicol\u00e1s Maduro, reafirma su compromiso con el fortalecimiento del talento humano que hace vida en el SEN, impulsando una cultura operativa basada en el conocimiento, la prevenci\u00f3n y la excelencia t\u00e9cnica. <\/p>\n\n\n\n<p><strong>Prensa MPPEE \u2013 CORPOELEC \/ Mar\u00eda Eugenia Delgado<\/strong><\/p>\n","protected":false},"excerpt":{"rendered":"<p>San Bernandino, Caracas.- Con la participaci\u00f3n de 211 trabajadores del \u00e1rea de transmisi\u00f3n, la Corporaci\u00f3n El\u00e9ctrica Nacional (CORPOELEC) inici\u00f3 el<\/p>\n","protected":false},"author":22,"featured_media":99977,"comment_status":"closed","ping_status":"closed","sticky":false,"template":"","format":"standard","meta":{"footnotes":""},"categories":[1],"tags":[2691,3270,11,2744,46],"class_list":["post-99976","post","type-post","status-publish","format-standard","has-post-thumbnail","hentry","category-mppee","tag-corpoelec","tag-formacion","tag-mppee","tag-sen","tag-venezuela"],"_links":{"self":[{"href":"https:\/\/mppee.gob.ve\/index.php?rest_route=\/wp\/v2\/posts\/99976","targetHints":{"allow":["GET"]}}],"collection":[{"href":"https:\/\/mppee.gob.ve\/index.php?rest_route=\/wp\/v2\/posts"}],"about":[{"href":"https:\/\/mppee.gob.ve\/index.php?rest_route=\/wp\/v2\/types\/post"}],"author":[{"embeddable":true,"href":"https:\/\/mppee.gob.ve\/index.php?rest_route=\/wp\/v2\/users\/22"}],"replies":[{"embeddable":true,"href":"https:\/\/mppee.gob.ve\/index.php?rest_route=%2Fwp%2Fv2%2Fcomments&post=99976"}],"version-history":[{"count":1,"href":"https:\/\/mppee.gob.ve\/index.php?rest_route=\/wp\/v2\/posts\/99976\/revisions"}],"predecessor-version":[{"id":99978,"href":"https:\/\/mppee.gob.ve\/index.php?rest_route=\/wp\/v2\/posts\/99976\/revisions\/99978"}],"wp:featuredmedia":[{"embeddable":true,"href":"https:\/\/mppee.gob.ve\/index.php?rest_route=\/wp\/v2\/media\/99977"}],"wp:attachment":[{"href":"https:\/\/mppee.gob.ve\/index.php?rest_route=%2Fwp%2Fv2%2Fmedia&parent=99976"}],"wp:term":[{"taxonomy":"category","embeddable":true,"href":"https:\/\/mppee.gob.ve\/index.php?rest_route=%2Fwp%2Fv2%2Fcategories&post=99976"},{"taxonomy":"post_tag","embeddable":true,"href":"https:\/\/mppee.gob.ve\/index.php?rest_route=%2Fwp%2Fv2%2Ftags&post=99976"}],"curies":[{"name":"wp","href":"https:\/\/api.w.org\/{rel}","templated":true}]}}